{"id":28240,"date":"2023-04-15T19:00:27","date_gmt":"2023-04-15T23:00:27","guid":{"rendered":"http:\/\/www.yungayino.cl\/noticias\/?p=28240"},"modified":"2023-04-15T19:07:53","modified_gmt":"2023-04-15T23:07:53","slug":"junta-de-vecinos-valle-templado-de-yungay-realiza-ceremonia-de-cierre-del-proyecto-de-seguridad-ciudadana","status":"publish","type":"post","link":"https:\/\/www.yungayino.cl\/noticias\/?p=28240","title":{"rendered":"\u201cJunta de Vecinos Valle Templado de Yungay\u201d Realiza Ceremonia de Cierre del Proyecto de Seguridad Ciudadana"},"content":{"rendered":"<p><img loading=\"lazy\" decoding=\"async\" class=\"alignnone wp-image-28241 size-full\" src=\"http:\/\/www.yungayino.cl\/noticias\/wp-content\/uploads\/2023\/04\/portada.jpg\" alt=\"\" width=\"700\" height=\"350\" srcset=\"https:\/\/www.yungayino.cl\/noticias\/wp-content\/uploads\/2023\/04\/portada.jpg 700w, https:\/\/www.yungayino.cl\/noticias\/wp-content\/uploads\/2023\/04\/portada-300x150.jpg 300w\" sizes=\"auto, (max-width: 700px) 100vw, 700px\" \/><\/p>\n<p style=\"text-align: justify;\">Yungay, abril 2023: La \u201cJunta de Vecinos Valle Templado de Yungay\u201d, realiz\u00f3 una Ceremonia de Cierre del Proyecto de Seguridad Ciudadana: \u201cSigamos Caminando Tranquilos Te Sigo Vigilando Mi Valle Templado, la cual se llev\u00f3 a cabo este viernes 14 de abril en su sede.<\/p>\n<p style=\"text-align: justify;\"><strong>Ver\u00f3nica Pardo<\/strong>, Presidenta de la Junta de Vecinos, se\u00f1al\u00f3 al Equipo del Portal Yungayino.cl, que esta ceremonia de cierre de la segunda etapa de un proyecto que se adjudicaron por una subvenci\u00f3n con Fondos del Gobierno Regional de \u00d1uble, cuyo objetivo es erradicar la delincuencia, el consumo de alcohol y drogas de su territorio y a su vez disminuir la percepci\u00f3n de temor e inseguridad de las mujeres, hombres, ni\u00f1os, (as) y adultos mayores, mediante la instalaci\u00f3n de c\u00e1maras de seguridad en puntos estrat\u00e9gicos, las cuales sin duda ayudar\u00e1 a dar mayor tranquilidad a los vecinos (as).<\/p>\n<p style=\"text-align: justify;\">Finalmente se\u00f1alar que la actividad cont\u00f3 con la asistencia del alcalde Rafael Cifuentes, los Concejales Fernando Cabezas, Gonzalo Rojas, Patricia Moncada, Berta Cid, Ricardo Ramos, Julio N\u00fa\u00f1ez, adem\u00e1s del Encargado de Seguridad Municipal, Patricio Padilla, Vecinos y Vecinas.<\/p>\n<p>&nbsp;<\/p>\n<p style=\"text-align: justify;\">[su_button url=\u00bbhttps:\/\/www.facebook.com\/media\/set\/?vanity=yungayino.cl&amp;set=a.6619053744776275&#8243; target=\u00bbblank\u00bb size=\u00bb7&#8243; radius=\u00bbround\u00bb icon=\u00bbicon: facebook-square\u00bb]FOTOGRAF\u00cdAS &#8211; \u201cJunta de Vecinos Valle Templado de Yungay\u201d Realiza Ceremonia de Cierre del Proyecto de Seguridad Ciudadana[\/su_button]<\/p>\n","protected":false},"excerpt":{"rendered":"<p>Yungay, abril 2023: La \u201cJunta de Vecinos Valle Templado de Yungay\u201d, realiz\u00f3 una Ceremonia de Cierre del Proyecto de Seguridad Ciudadana: \u201cSigamos Caminando Tranquilos Te Sigo Vigilando Mi Valle Templado, la cual se llev\u00f3&#46;&#46;&#46;<\/p>\n","protected":false},"author":2,"featured_media":28241,"comment_status":"closed","ping_status":"open","sticky":false,"template":"","format":"standard","meta":{"footnotes":""},"categories":[1],"tags":[2589,1115,8,6,117],"class_list":["post-28240","post","type-post","status-publish","format-standard","has-post-thumbnail","hentry","category-noticias","tag-camaras-de-seguridad","tag-noticias","tag-yungay","tag-yungayino","tag-yungayinocl"],"_links":{"self":[{"href":"https:\/\/www.yungayino.cl\/noticias\/index.php?rest_route=\/wp\/v2\/posts\/28240","targetHints":{"allow":["GET"]}}],"collection":[{"href":"https:\/\/www.yungayino.cl\/noticias\/index.php?rest_route=\/wp\/v2\/posts"}],"about":[{"href":"https:\/\/www.yungayino.cl\/noticias\/index.php?rest_route=\/wp\/v2\/types\/post"}],"author":[{"embeddable":true,"href":"https:\/\/www.yungayino.cl\/noticias\/index.php?rest_route=\/wp\/v2\/users\/2"}],"replies":[{"embeddable":true,"href":"https:\/\/www.yungayino.cl\/noticias\/index.php?rest_route=%2Fwp%2Fv2%2Fcomments&post=28240"}],"version-history":[{"count":3,"href":"https:\/\/www.yungayino.cl\/noticias\/index.php?rest_route=\/wp\/v2\/posts\/28240\/revisions"}],"predecessor-version":[{"id":28244,"href":"https:\/\/www.yungayino.cl\/noticias\/index.php?rest_route=\/wp\/v2\/posts\/28240\/revisions\/28244"}],"wp:featuredmedia":[{"embeddable":true,"href":"https:\/\/www.yungayino.cl\/noticias\/index.php?rest_route=\/wp\/v2\/media\/28241"}],"wp:attachment":[{"href":"https:\/\/www.yungayino.cl\/noticias\/index.php?rest_route=%2Fwp%2Fv2%2Fmedia&parent=28240"}],"wp:term":[{"taxonomy":"category","embeddable":true,"href":"https:\/\/www.yungayino.cl\/noticias\/index.php?rest_route=%2Fwp%2Fv2%2Fcategories&post=28240"},{"taxonomy":"post_tag","embeddable":true,"href":"https:\/\/www.yungayino.cl\/noticias\/index.php?rest_route=%2Fwp%2Fv2%2Ftags&post=28240"}],"curies":[{"name":"wp","href":"https:\/\/api.w.org\/{rel}","templated":true}]}}