{"id":28260,"date":"2023-04-21T10:00:44","date_gmt":"2023-04-21T14:00:44","guid":{"rendered":"http:\/\/www.yungayino.cl\/noticias\/?p=28260"},"modified":"2023-04-21T12:14:49","modified_gmt":"2023-04-21T16:14:49","slug":"recepcion-de-viviendas-de-emergencia-a-familias-afectadas-por-incendios-forestales","status":"publish","type":"post","link":"https:\/\/www.yungayino.cl\/noticias\/?p=28260","title":{"rendered":"Recepci\u00f3n de Viviendas de Emergencia a Familias Afectadas por Incendios Forestales"},"content":{"rendered":"<p><img loading=\"lazy\" decoding=\"async\" class=\"alignnone wp-image-28263 size-full\" src=\"http:\/\/www.yungayino.cl\/noticias\/wp-content\/uploads\/2023\/04\/21042023-casas.jpg\" alt=\"\" width=\"700\" height=\"350\" srcset=\"https:\/\/www.yungayino.cl\/noticias\/wp-content\/uploads\/2023\/04\/21042023-casas.jpg 700w, https:\/\/www.yungayino.cl\/noticias\/wp-content\/uploads\/2023\/04\/21042023-casas-300x150.jpg 300w\" sizes=\"auto, (max-width: 700px) 100vw, 700px\" \/><\/p>\n<p style=\"text-align: justify;\">Yungay, abril 2023: Tras 6 semanas de trabajo, se realiz\u00f3 la recepci\u00f3n de viviendas de emergencia entregadas por el Gobierno de Chile a trav\u00e9s\u00a0 de la Delegaci\u00f3n Presidencial de \u00d1uble y el Servicio Nacional de Prevenci\u00f3n y Respuesta ante Desastres (SENAPRED) a 19 familias de yungayinas que perdieron sus casas durante los #IncendiosForestales de febrero.<\/p>\n<p style=\"text-align: justify;\">Este mi\u00e9rcoles la casa de Juana Saavedra Vega fue el escenario para celebrar la entrega simb\u00f3lica de 19 viviendas de emergencia totalmente equipadas y habilitadas.<\/p>\n<p style=\"text-align: justify;\">\u201cHoy tenemos la dicha de poder celebrar este hito importante en la comuna. Hoy nuestras familias cuentan con una soluci\u00f3n habitacional completamente equipada, con ba\u00f1o, agua, luz. Hemos notado el trabajo del gobierno en terreno y estamos completamente agradecidos por esto. Agradecemos a las fundaciones, a las empresas privadas, a todos quienes han contribuido para lograr este feliz d\u00eda\u201d se\u00f1al\u00f3 el alcalde, Rafael Cifuentes Rodr\u00edguez.<\/p>\n<p style=\"text-align: justify;\">\u201cTengo 73 a\u00f1os\u201d comenz\u00f3 su relato Mar\u00eda Rossel Vega \u201cel d\u00eda del incendio lo perd\u00ed todo y qued\u00e9 de manos cruzadas. Jam\u00e1s imagin\u00e9 que desde el d\u00eda cero sentir\u00eda el apoyo de los funcionarios del municipio, de las autoridades del gobierno, de los vecinos, de personas de otras comunas. Todos nos entregaron la motivaci\u00f3n y energ\u00eda para salir adelante. No me quitaron las manos, tengo algo con que empezar y estoy muy agradecida por eso\u201d finaliz\u00f3.<\/p>\n<p style=\"text-align: justify;\">Yungay es la primera comuna de \u00d1uble en lograr la reconstrucci\u00f3n total de las viviendas afectadas por los incendios forestales. Desde el primer momento el equipo municipal, liderado por el alcalde de la comuna, estuvo presente en la emergencia y en todo este proceso de reconstrucci\u00f3n.<\/p>\n<p style=\"text-align: justify;\">En la instancia el alcalde, Rafael Cifuentes Rodr\u00edguez, el delegado presidencial, Gabriel Pradenas, el seremi de transportes, Javier Isla, la seremi de salud, Ximena Salinas, el seremi de bienes nacionales, Rodrigo Baeza, el seremi de energ\u00eda, Ricardo Le\u00f3n, los concejales, Gonzalo Rojas, Patricia Moncada, Berta Cid y Fernando Cabezas, realizaron un conmovedor corte de cinta junto\u00a0 las familias afectadas.<\/p>\n<p><img loading=\"lazy\" decoding=\"async\" class=\"alignnone wp-image-28261 size-full\" src=\"http:\/\/www.yungayino.cl\/noticias\/wp-content\/uploads\/2023\/04\/21042023-casas-1.jpg\" alt=\"\" width=\"700\" height=\"467\" srcset=\"https:\/\/www.yungayino.cl\/noticias\/wp-content\/uploads\/2023\/04\/21042023-casas-1.jpg 700w, https:\/\/www.yungayino.cl\/noticias\/wp-content\/uploads\/2023\/04\/21042023-casas-1-300x200.jpg 300w, https:\/\/www.yungayino.cl\/noticias\/wp-content\/uploads\/2023\/04\/21042023-casas-1-225x150.jpg 225w\" sizes=\"auto, (max-width: 700px) 100vw, 700px\" \/><\/p>\n<p><img loading=\"lazy\" decoding=\"async\" class=\"alignnone wp-image-28262 size-full\" src=\"http:\/\/www.yungayino.cl\/noticias\/wp-content\/uploads\/2023\/04\/21042023-casas-2.jpg\" alt=\"\" width=\"700\" height=\"467\" srcset=\"https:\/\/www.yungayino.cl\/noticias\/wp-content\/uploads\/2023\/04\/21042023-casas-2.jpg 700w, https:\/\/www.yungayino.cl\/noticias\/wp-content\/uploads\/2023\/04\/21042023-casas-2-300x200.jpg 300w, https:\/\/www.yungayino.cl\/noticias\/wp-content\/uploads\/2023\/04\/21042023-casas-2-225x150.jpg 225w\" sizes=\"auto, (max-width: 700px) 100vw, 700px\" \/><\/p>\n","protected":false},"excerpt":{"rendered":"<p>Yungay, abril 2023: Tras 6 semanas de trabajo, se realiz\u00f3 la recepci\u00f3n de viviendas de emergencia entregadas por el Gobierno de Chile a trav\u00e9s\u00a0 de la Delegaci\u00f3n Presidencial de \u00d1uble y el Servicio Nacional&#46;&#46;&#46;<\/p>\n","protected":false},"author":2,"featured_media":28263,"comment_status":"closed","ping_status":"open","sticky":false,"template":"","format":"standard","meta":{"footnotes":""},"categories":[1],"tags":[128,1115,1326,8,6,117],"class_list":["post-28260","post","type-post","status-publish","format-standard","has-post-thumbnail","hentry","category-noticias","tag-incendios-forestales","tag-noticias","tag-viviendas-emergencia","tag-yungay","tag-yungayino","tag-yungayinocl"],"_links":{"self":[{"href":"https:\/\/www.yungayino.cl\/noticias\/index.php?rest_route=\/wp\/v2\/posts\/28260","targetHints":{"allow":["GET"]}}],"collection":[{"href":"https:\/\/www.yungayino.cl\/noticias\/index.php?rest_route=\/wp\/v2\/posts"}],"about":[{"href":"https:\/\/www.yungayino.cl\/noticias\/index.php?rest_route=\/wp\/v2\/types\/post"}],"author":[{"embeddable":true,"href":"https:\/\/www.yungayino.cl\/noticias\/index.php?rest_route=\/wp\/v2\/users\/2"}],"replies":[{"embeddable":true,"href":"https:\/\/www.yungayino.cl\/noticias\/index.php?rest_route=%2Fwp%2Fv2%2Fcomments&post=28260"}],"version-history":[{"count":1,"href":"https:\/\/www.yungayino.cl\/noticias\/index.php?rest_route=\/wp\/v2\/posts\/28260\/revisions"}],"predecessor-version":[{"id":28264,"href":"https:\/\/www.yungayino.cl\/noticias\/index.php?rest_route=\/wp\/v2\/posts\/28260\/revisions\/28264"}],"wp:featuredmedia":[{"embeddable":true,"href":"https:\/\/www.yungayino.cl\/noticias\/index.php?rest_route=\/wp\/v2\/media\/28263"}],"wp:attachment":[{"href":"https:\/\/www.yungayino.cl\/noticias\/index.php?rest_route=%2Fwp%2Fv2%2Fmedia&parent=28260"}],"wp:term":[{"taxonomy":"category","embeddable":true,"href":"https:\/\/www.yungayino.cl\/noticias\/index.php?rest_route=%2Fwp%2Fv2%2Fcategories&post=28260"},{"taxonomy":"post_tag","embeddable":true,"href":"https:\/\/www.yungayino.cl\/noticias\/index.php?rest_route=%2Fwp%2Fv2%2Ftags&post=28260"}],"curies":[{"name":"wp","href":"https:\/\/api.w.org\/{rel}","templated":true}]}}