{"id":28265,"date":"2023-04-21T17:00:13","date_gmt":"2023-04-21T21:00:13","guid":{"rendered":"http:\/\/www.yungayino.cl\/noticias\/?p=28265"},"modified":"2023-04-21T17:49:41","modified_gmt":"2023-04-21T21:49:41","slug":"en-santa-lucia-bajo-realizan-ceremonia-de-cierre-proyecto-promoviendo-y-protegiendo-la-reserva-de-biosfera-en-yungay","status":"publish","type":"post","link":"https:\/\/www.yungayino.cl\/noticias\/?p=28265","title":{"rendered":"En Santa Lucia Bajo Realizan Ceremonia de Cierre Proyecto \u201cPromoviendo y Protegiendo la Reserva de Bi\u00f3sfera en Yungay\u201d"},"content":{"rendered":"<p><img loading=\"lazy\" decoding=\"async\" class=\"alignnone wp-image-28266 size-full\" src=\"http:\/\/www.yungayino.cl\/noticias\/wp-content\/uploads\/2023\/04\/portada-2.jpg\" alt=\"\" width=\"700\" height=\"378\" srcset=\"https:\/\/www.yungayino.cl\/noticias\/wp-content\/uploads\/2023\/04\/portada-2.jpg 700w, https:\/\/www.yungayino.cl\/noticias\/wp-content\/uploads\/2023\/04\/portada-2-300x162.jpg 300w, https:\/\/www.yungayino.cl\/noticias\/wp-content\/uploads\/2023\/04\/portada-2-278x150.jpg 278w\" sizes=\"auto, (max-width: 700px) 100vw, 700px\" \/><\/p>\n<p style=\"text-align: justify;\">Yungay, abril 2023: En el Sector Cordillerano de Santa Luc\u00eda Bajo se llev\u00f3 a cabo la Ceremonia de Cierre del Proyecto \u201c<strong>Promoviendo y Protegiendo la Reserva de Bi\u00f3sfera en Yungay\u201d<\/strong>, organizado por la Agrupaci\u00f3n de Defensa y Conservaci\u00f3n de la Flora y Fauna de Yungay (ADECOFFY), junto al Comit\u00e9 Ambiental Comunal de Yungay (CAC), cuyo financiamiento se realiz\u00f3 con Fondos del Gobierno Regional (FNDR).<\/p>\n<p style=\"text-align: justify;\">Destacar que el Corredor Biol\u00f3gico Nevados de Chill\u00e1n &#8211; Laguna del Laja, es un \u00e1rea ecol\u00f3gica ubicada en las Regiones de \u00d1uble y Biob\u00edo, al sur de Chile y est\u00e1 conformada por las comunas cordilleranas de Antuco, Coihueco, El Carmen, Pemuco, Pinto, Tucapel, San Fabi\u00e1n y <strong>Yungay.<\/strong><\/p>\n<p style=\"text-align: justify;\">Con un total de 572.000 hect\u00e1reas, es considerada Reserva de la Biosfera por la Unesco desde el 29 de julio de 2011, debido a que es un \u00e1rea de transici\u00f3n entre el bosque escler\u00f3filo de la zona central y el bosque templado de la zona sur de Chile, adem\u00e1s de ser una zona de conservaci\u00f3n para especies en peligro de extinci\u00f3n, como lo es el huemul, y el h\u00e1bitat de m\u00e1s de cuarenta especies end\u00e9micas.<\/p>\n<p style=\"text-align: justify;\">Es por eso que la Sra. <strong>Blanca Fa\u00fandez<\/strong>, Presidenta de ADECOFFY, destac\u00f3 y agradeci\u00f3 el apoyo en la inauguraci\u00f3n e instalaci\u00f3n de estos hermosos letreros informativos en la zona cordillerana del Puente Las Mulas de nuestra comuna, destacando eso si a todos los presentes que no basta solo la instalaci\u00f3n de letreros para proteger y conservar esta Reserva de la Biosfera, sino que hay que trabajar, educarse y concientizarse para seguir cuidando y protegiendo el sector cordillerano de Yungay, y que cada persona haga su aporte en el cuidado de nuestro medioambiente cada vez que visite esta zona.<\/p>\n<p style=\"text-align: justify;\">Finalmente destacar que esta actividad cont\u00f3 con la asistencia del Seremi de Medio Ambiente de \u00d1uble, Mario Rivas, en representaci\u00f3n del Gobierno Regional, Gonzalo Sandoval, Representante del Municipio, Claudia Harcha, los Concejales Gonzalo Rojas, Patricia Moncada, Berta Cid, Julio N\u00fa\u00f1ez y Fernando Cabezas, Representantes del Colegio Nueva Esperanza y Liceo Yungay, adem\u00e1s de Vecinos, de Santa Lucia Alto y Bajo.<\/p>\n<p>&nbsp;<\/p>\n<p style=\"text-align: justify;\">[su_button url=\u00bbhttps:\/\/www.facebook.com\/media\/set\/?vanity=yungayino.cl&amp;set=a.6718854674796181&#8243; target=\u00bbblank\u00bb size=\u00bb7&#8243; radius=\u00bbround\u00bb icon=\u00bbicon: facebook-square\u00bb]FOTOGRAF\u00cdAS &#8211; En Santa Lucia Bajo Realizan Ceremonia de Cierre Proyecto \u201cPromoviendo y Protegiendo la Reserva de Bi\u00f3sfera en Yungay\u201d[\/su_button]<\/p>\n","protected":false},"excerpt":{"rendered":"<p>Yungay, abril 2023: En el Sector Cordillerano de Santa Luc\u00eda Bajo se llev\u00f3 a cabo la Ceremonia de Cierre del Proyecto \u201cPromoviendo y Protegiendo la Reserva de Bi\u00f3sfera en Yungay\u201d, organizado por la Agrupaci\u00f3n&#46;&#46;&#46;<\/p>\n","protected":false},"author":2,"featured_media":28266,"comment_status":"closed","ping_status":"open","sticky":false,"template":"","format":"standard","meta":{"footnotes":""},"categories":[1],"tags":[1115,1678,2803,8,6,117],"class_list":["post-28265","post","type-post","status-publish","format-standard","has-post-thumbnail","hentry","category-noticias","tag-noticias","tag-nuble","tag-reserva-biosfera","tag-yungay","tag-yungayino","tag-yungayinocl"],"_links":{"self":[{"href":"https:\/\/www.yungayino.cl\/noticias\/index.php?rest_route=\/wp\/v2\/posts\/28265","targetHints":{"allow":["GET"]}}],"collection":[{"href":"https:\/\/www.yungayino.cl\/noticias\/index.php?rest_route=\/wp\/v2\/posts"}],"about":[{"href":"https:\/\/www.yungayino.cl\/noticias\/index.php?rest_route=\/wp\/v2\/types\/post"}],"author":[{"embeddable":true,"href":"https:\/\/www.yungayino.cl\/noticias\/index.php?rest_route=\/wp\/v2\/users\/2"}],"replies":[{"embeddable":true,"href":"https:\/\/www.yungayino.cl\/noticias\/index.php?rest_route=%2Fwp%2Fv2%2Fcomments&post=28265"}],"version-history":[{"count":3,"href":"https:\/\/www.yungayino.cl\/noticias\/index.php?rest_route=\/wp\/v2\/posts\/28265\/revisions"}],"predecessor-version":[{"id":28269,"href":"https:\/\/www.yungayino.cl\/noticias\/index.php?rest_route=\/wp\/v2\/posts\/28265\/revisions\/28269"}],"wp:featuredmedia":[{"embeddable":true,"href":"https:\/\/www.yungayino.cl\/noticias\/index.php?rest_route=\/wp\/v2\/media\/28266"}],"wp:attachment":[{"href":"https:\/\/www.yungayino.cl\/noticias\/index.php?rest_route=%2Fwp%2Fv2%2Fmedia&parent=28265"}],"wp:term":[{"taxonomy":"category","embeddable":true,"href":"https:\/\/www.yungayino.cl\/noticias\/index.php?rest_route=%2Fwp%2Fv2%2Fcategories&post=28265"},{"taxonomy":"post_tag","embeddable":true,"href":"https:\/\/www.yungayino.cl\/noticias\/index.php?rest_route=%2Fwp%2Fv2%2Ftags&post=28265"}],"curies":[{"name":"wp","href":"https:\/\/api.w.org\/{rel}","templated":true}]}}