{"id":28278,"date":"2023-04-22T19:00:19","date_gmt":"2023-04-22T23:00:19","guid":{"rendered":"http:\/\/www.yungayino.cl\/noticias\/?p=28278"},"modified":"2023-04-22T19:15:40","modified_gmt":"2023-04-22T23:15:40","slug":"2-encuentro-literario-con-escritores-yungayinos-en-biblioteca-de-yungay","status":"publish","type":"post","link":"https:\/\/www.yungayino.cl\/noticias\/?p=28278","title":{"rendered":"2\u00b0 Encuentro Literario con Escritores Yungayinos en Biblioteca de Yungay"},"content":{"rendered":"<p><img loading=\"lazy\" decoding=\"async\" class=\"alignnone wp-image-28279 size-full\" src=\"http:\/\/www.yungayino.cl\/noticias\/wp-content\/uploads\/2023\/04\/portada-3.jpg\" alt=\"\" width=\"700\" height=\"350\" srcset=\"https:\/\/www.yungayino.cl\/noticias\/wp-content\/uploads\/2023\/04\/portada-3.jpg 700w, https:\/\/www.yungayino.cl\/noticias\/wp-content\/uploads\/2023\/04\/portada-3-300x150.jpg 300w\" sizes=\"auto, (max-width: 700px) 100vw, 700px\" \/><\/p>\n<p style=\"text-align: justify;\">Yungay, abril 2023: Ayer viernes 21 de abril el equipo de trabajo de la Biblioteca P\u00fablica Oreste Montero de Yungay realiz\u00f3 el 2\u00b0 Encuentro Literario con Escritores Locales Yungayinos.<\/p>\n<p style=\"text-align: justify;\">En esta actividad cultural participaron los escritores Sra. Mar\u00eda Eva D\u00edaz, Sr. Mario Salinas, Sr. Alejandro Becerra, Sra. Mila Sanhueza, Sr. Sergio San Mart\u00edn, Sra. Clementina Vel\u00e1squez, Sr. Alejandro Gonz\u00e1lez, Sr. Gabriel Quintrileo, quienes intercambiaron sus experiencias y compartieron con los asistentes parte de sus escritos.<\/p>\n<p style=\"text-align: justify;\">Como parte de las actividades programadas en el mes del libro se le entreg\u00f3 un presente a Pamela Sep\u00falveda Pe\u00f1a, en reconocimiento como mejor lectora del a\u00f1o.<\/p>\n<p style=\"text-align: justify;\">En la ocasi\u00f3n se present\u00f3 la joven Sof\u00eda San Mart\u00edn, talentosa voz yungayina que interpret\u00f3 bellas canciones, tambi\u00e9n se present\u00f3 Anibal Parra, mostrando su pasi\u00f3n y talento con su arpa.<\/p>\n<p>&nbsp;<\/p>\n<p style=\"text-align: justify;\">[su_button url=\u00bbhttps:\/\/www.facebook.com\/media\/set\/?vanity=yungayino.cl&amp;set=a.6722060427808939&#8243; target=\u00bbblank\u00bb size=\u00bb7&#8243; radius=\u00bbround\u00bb icon=\u00bbicon: facebook-square\u00bb]FOTOGRAF\u00cdAS &#8211; 2\u00b0 Encuentro Literario con Escritores Yungayinos en Biblioteca de Yungay[\/su_button]<\/p>\n","protected":false},"excerpt":{"rendered":"<p>Yungay, abril 2023: Ayer viernes 21 de abril el equipo de trabajo de la Biblioteca P\u00fablica Oreste Montero de Yungay realiz\u00f3 el 2\u00b0 Encuentro Literario con Escritores Locales Yungayinos. En esta actividad cultural participaron&#46;&#46;&#46;<\/p>\n","protected":false},"author":2,"featured_media":28279,"comment_status":"closed","ping_status":"open","sticky":false,"template":"","format":"standard","meta":{"footnotes":""},"categories":[1],"tags":[2804,1115,8,6,117],"class_list":["post-28278","post","type-post","status-publish","format-standard","has-post-thumbnail","hentry","category-noticias","tag-encuentro-escritores","tag-noticias","tag-yungay","tag-yungayino","tag-yungayinocl"],"_links":{"self":[{"href":"https:\/\/www.yungayino.cl\/noticias\/index.php?rest_route=\/wp\/v2\/posts\/28278","targetHints":{"allow":["GET"]}}],"collection":[{"href":"https:\/\/www.yungayino.cl\/noticias\/index.php?rest_route=\/wp\/v2\/posts"}],"about":[{"href":"https:\/\/www.yungayino.cl\/noticias\/index.php?rest_route=\/wp\/v2\/types\/post"}],"author":[{"embeddable":true,"href":"https:\/\/www.yungayino.cl\/noticias\/index.php?rest_route=\/wp\/v2\/users\/2"}],"replies":[{"embeddable":true,"href":"https:\/\/www.yungayino.cl\/noticias\/index.php?rest_route=%2Fwp%2Fv2%2Fcomments&post=28278"}],"version-history":[{"count":4,"href":"https:\/\/www.yungayino.cl\/noticias\/index.php?rest_route=\/wp\/v2\/posts\/28278\/revisions"}],"predecessor-version":[{"id":28283,"href":"https:\/\/www.yungayino.cl\/noticias\/index.php?rest_route=\/wp\/v2\/posts\/28278\/revisions\/28283"}],"wp:featuredmedia":[{"embeddable":true,"href":"https:\/\/www.yungayino.cl\/noticias\/index.php?rest_route=\/wp\/v2\/media\/28279"}],"wp:attachment":[{"href":"https:\/\/www.yungayino.cl\/noticias\/index.php?rest_route=%2Fwp%2Fv2%2Fmedia&parent=28278"}],"wp:term":[{"taxonomy":"category","embeddable":true,"href":"https:\/\/www.yungayino.cl\/noticias\/index.php?rest_route=%2Fwp%2Fv2%2Fcategories&post=28278"},{"taxonomy":"post_tag","embeddable":true,"href":"https:\/\/www.yungayino.cl\/noticias\/index.php?rest_route=%2Fwp%2Fv2%2Ftags&post=28278"}],"curies":[{"name":"wp","href":"https:\/\/api.w.org\/{rel}","templated":true}]}}