{"id":28285,"date":"2023-04-23T07:00:26","date_gmt":"2023-04-23T11:00:26","guid":{"rendered":"http:\/\/www.yungayino.cl\/noticias\/?p=28285"},"modified":"2023-04-22T19:19:35","modified_gmt":"2023-04-22T23:19:35","slug":"club-de-adulto-mayor-las-amapolas-finalizaron-su-proyecto-cuidamos-nuestra-salud","status":"publish","type":"post","link":"https:\/\/www.yungayino.cl\/noticias\/?p=28285","title":{"rendered":"Club de Adulto Mayor Las Amapolas Finalizaron su Proyecto \u00abCuidamos Nuestra Salud\u00bb"},"content":{"rendered":"<p><img loading=\"lazy\" decoding=\"async\" class=\"alignnone wp-image-28286 size-full\" src=\"http:\/\/www.yungayino.cl\/noticias\/wp-content\/uploads\/2023\/04\/22042023-tres-esquinas.jpg\" alt=\"\" width=\"700\" height=\"350\" srcset=\"https:\/\/www.yungayino.cl\/noticias\/wp-content\/uploads\/2023\/04\/22042023-tres-esquinas.jpg 700w, https:\/\/www.yungayino.cl\/noticias\/wp-content\/uploads\/2023\/04\/22042023-tres-esquinas-300x150.jpg 300w\" sizes=\"auto, (max-width: 700px) 100vw, 700px\" \/><\/p>\n<p style=\"text-align: justify;\">Yungay, abril 2023: El Club de Adulto Mayor Las Amapolas celebraron la finalizaci\u00f3n de su proyecto \u00abCuidamos Nuestra Salud\u00bb una iniciativa financiada por el Gobierno Regional de \u00d1uble.<\/p>\n<p style=\"text-align: justify;\">El proyecto consider\u00f3 una suma de $1.040.244, financi\u00f3 la contrataci\u00f3n de un kinesi\u00f3logo y un psic\u00f3logo con el objetivo de potenciar el envejecimiento activo de los participantes.<\/p>\n<p style=\"text-align: justify;\">En la actividad la directora de DIDECO, Pamela Jelves Acu\u00f1a, felicit\u00f3 la iniciativa de los participantes por postular a este tipo de talleres para mejorar su calidad de vida y, junto a la encargada de la oficina de adultos mayores, Susana Toro, los concejales, Gonzalo Rojas, Patricia Moncada, Berta Cid y Fernando Cabezas, se unieron a la \u00faltima clase.<\/p>\n","protected":false},"excerpt":{"rendered":"<p>Yungay, abril 2023: El Club de Adulto Mayor Las Amapolas celebraron la finalizaci\u00f3n de su proyecto \u00abCuidamos Nuestra Salud\u00bb una iniciativa financiada por el Gobierno Regional de \u00d1uble. El proyecto consider\u00f3 una suma de&#46;&#46;&#46;<\/p>\n","protected":false},"author":2,"featured_media":28286,"comment_status":"closed","ping_status":"open","sticky":false,"template":"","format":"standard","meta":{"footnotes":""},"categories":[1],"tags":[57,334,1115,8,6,117],"class_list":["post-28285","post","type-post","status-publish","format-standard","has-post-thumbnail","hentry","category-noticias","tag-adultos-mayores","tag-dideco","tag-noticias","tag-yungay","tag-yungayino","tag-yungayinocl"],"_links":{"self":[{"href":"https:\/\/www.yungayino.cl\/noticias\/index.php?rest_route=\/wp\/v2\/posts\/28285","targetHints":{"allow":["GET"]}}],"collection":[{"href":"https:\/\/www.yungayino.cl\/noticias\/index.php?rest_route=\/wp\/v2\/posts"}],"about":[{"href":"https:\/\/www.yungayino.cl\/noticias\/index.php?rest_route=\/wp\/v2\/types\/post"}],"author":[{"embeddable":true,"href":"https:\/\/www.yungayino.cl\/noticias\/index.php?rest_route=\/wp\/v2\/users\/2"}],"replies":[{"embeddable":true,"href":"https:\/\/www.yungayino.cl\/noticias\/index.php?rest_route=%2Fwp%2Fv2%2Fcomments&post=28285"}],"version-history":[{"count":2,"href":"https:\/\/www.yungayino.cl\/noticias\/index.php?rest_route=\/wp\/v2\/posts\/28285\/revisions"}],"predecessor-version":[{"id":28288,"href":"https:\/\/www.yungayino.cl\/noticias\/index.php?rest_route=\/wp\/v2\/posts\/28285\/revisions\/28288"}],"wp:featuredmedia":[{"embeddable":true,"href":"https:\/\/www.yungayino.cl\/noticias\/index.php?rest_route=\/wp\/v2\/media\/28286"}],"wp:attachment":[{"href":"https:\/\/www.yungayino.cl\/noticias\/index.php?rest_route=%2Fwp%2Fv2%2Fmedia&parent=28285"}],"wp:term":[{"taxonomy":"category","embeddable":true,"href":"https:\/\/www.yungayino.cl\/noticias\/index.php?rest_route=%2Fwp%2Fv2%2Fcategories&post=28285"},{"taxonomy":"post_tag","embeddable":true,"href":"https:\/\/www.yungayino.cl\/noticias\/index.php?rest_route=%2Fwp%2Fv2%2Ftags&post=28285"}],"curies":[{"name":"wp","href":"https:\/\/api.w.org\/{rel}","templated":true}]}}