{"id":28323,"date":"2023-04-30T16:00:16","date_gmt":"2023-04-30T20:00:16","guid":{"rendered":"http:\/\/www.yungayino.cl\/noticias\/?p=28323"},"modified":"2023-04-30T16:48:22","modified_gmt":"2023-04-30T20:48:22","slug":"i-municipalidad-de-yungay-da-cuenta-publica-de-la-gestion-2022","status":"publish","type":"post","link":"https:\/\/www.yungayino.cl\/noticias\/?p=28323","title":{"rendered":"I.Municipalidad de Yungay Da Cuenta P\u00fablica de la Gesti\u00f3n 2022"},"content":{"rendered":"<p><img loading=\"lazy\" decoding=\"async\" class=\"alignnone wp-image-28324 size-full\" src=\"http:\/\/www.yungayino.cl\/noticias\/wp-content\/uploads\/2023\/04\/portada-4.jpg\" alt=\"\" width=\"700\" height=\"350\" srcset=\"https:\/\/www.yungayino.cl\/noticias\/wp-content\/uploads\/2023\/04\/portada-4.jpg 700w, https:\/\/www.yungayino.cl\/noticias\/wp-content\/uploads\/2023\/04\/portada-4-300x150.jpg 300w\" sizes=\"auto, (max-width: 700px) 100vw, 700px\" \/><\/p>\n<p style=\"text-align: justify;\">Yungay, 30 de abril 2023: En conformidad a lo se\u00f1alado en la Ley 18.695 Org\u00e1nica Constitucional de Municipalidades, \u201cel alcalde deber\u00e1 dar cuenta p\u00fablica al concejo, al consejo comunal de organizaciones de la sociedad civil y al consejo comunal de seguridad p\u00fablica, a m\u00e1s tardar en el mes de abril de cada a\u00f1o, de su gesti\u00f3n anual y de la marcha general de la municipalidad\u2026\u201c, indica parte del art\u00edculo 67.<\/p>\n<p style=\"text-align: justify;\">Para dar cumplimiento al art\u00edculo 67 de la Ley 18.695, la I. Municipalidad de Yungay dio cuenta p\u00fablica, al concejo municipal, de la gesti\u00f3n del a\u00f1o 2022.<\/p>\n<p style=\"text-align: justify;\">El alcalde, Rafael Cifuentes Rodr\u00edguez, convoc\u00f3 a Sesi\u00f3n Extraordinaria del Concejo Municipal para cumplir con el mandato legal y dar a conocer los principales avances de la comuna durante el a\u00f1o 2022.<\/p>\n<p>&nbsp;<\/p>\n<p style=\"text-align: justify;\">[su_button url=\u00bbhttps:\/\/www.facebook.com\/media\/set\/?vanity=yungayino.cl&amp;set=a.6747346235280358&#8243; target=\u00bbblank\u00bb size=\u00bb7&#8243; radius=\u00bbround\u00bb icon=\u00bbicon: facebook-square\u00bb]FOTOGRAF\u00cdAS &#8211;\u00a0I.Municipalidad de Yungay Da Cuenta P\u00fablica de la Gesti\u00f3n 2022[\/su_button]<\/p>\n","protected":false},"excerpt":{"rendered":"<p>Yungay, 30 de abril 2023: En conformidad a lo se\u00f1alado en la Ley 18.695 Org\u00e1nica Constitucional de Municipalidades, \u201cel alcalde deber\u00e1 dar cuenta p\u00fablica al concejo, al consejo comunal de organizaciones de la sociedad&#46;&#46;&#46;<\/p>\n","protected":false},"author":2,"featured_media":28324,"comment_status":"closed","ping_status":"open","sticky":false,"template":"","format":"standard","meta":{"footnotes":""},"categories":[1],"tags":[365,1115,8,6,117],"class_list":["post-28323","post","type-post","status-publish","format-standard","has-post-thumbnail","hentry","category-noticias","tag-cuenta-publica","tag-noticias","tag-yungay","tag-yungayino","tag-yungayinocl"],"_links":{"self":[{"href":"https:\/\/www.yungayino.cl\/noticias\/index.php?rest_route=\/wp\/v2\/posts\/28323","targetHints":{"allow":["GET"]}}],"collection":[{"href":"https:\/\/www.yungayino.cl\/noticias\/index.php?rest_route=\/wp\/v2\/posts"}],"about":[{"href":"https:\/\/www.yungayino.cl\/noticias\/index.php?rest_route=\/wp\/v2\/types\/post"}],"author":[{"embeddable":true,"href":"https:\/\/www.yungayino.cl\/noticias\/index.php?rest_route=\/wp\/v2\/users\/2"}],"replies":[{"embeddable":true,"href":"https:\/\/www.yungayino.cl\/noticias\/index.php?rest_route=%2Fwp%2Fv2%2Fcomments&post=28323"}],"version-history":[{"count":4,"href":"https:\/\/www.yungayino.cl\/noticias\/index.php?rest_route=\/wp\/v2\/posts\/28323\/revisions"}],"predecessor-version":[{"id":28328,"href":"https:\/\/www.yungayino.cl\/noticias\/index.php?rest_route=\/wp\/v2\/posts\/28323\/revisions\/28328"}],"wp:featuredmedia":[{"embeddable":true,"href":"https:\/\/www.yungayino.cl\/noticias\/index.php?rest_route=\/wp\/v2\/media\/28324"}],"wp:attachment":[{"href":"https:\/\/www.yungayino.cl\/noticias\/index.php?rest_route=%2Fwp%2Fv2%2Fmedia&parent=28323"}],"wp:term":[{"taxonomy":"category","embeddable":true,"href":"https:\/\/www.yungayino.cl\/noticias\/index.php?rest_route=%2Fwp%2Fv2%2Fcategories&post=28323"},{"taxonomy":"post_tag","embeddable":true,"href":"https:\/\/www.yungayino.cl\/noticias\/index.php?rest_route=%2Fwp%2Fv2%2Ftags&post=28323"}],"curies":[{"name":"wp","href":"https:\/\/api.w.org\/{rel}","templated":true}]}}