{"id":28332,"date":"2023-04-30T13:00:18","date_gmt":"2023-04-30T17:00:18","guid":{"rendered":"http:\/\/www.yungayino.cl\/noticias\/?p=28332"},"modified":"2023-04-30T16:52:37","modified_gmt":"2023-04-30T20:52:37","slug":"se-constituye-mesa-intersectorial-para-la-gestion-y-mejoramiento-del-sistema-de-alcantarillado-de-campanario","status":"publish","type":"post","link":"https:\/\/www.yungayino.cl\/noticias\/?p=28332","title":{"rendered":"Se Constituye Mesa Intersectorial Para la Gesti\u00f3n y Mejoramiento del Sistema de Alcantarillado de Campanario"},"content":{"rendered":"<p><img loading=\"lazy\" decoding=\"async\" class=\"alignnone wp-image-28333 size-full\" src=\"http:\/\/www.yungayino.cl\/noticias\/wp-content\/uploads\/2023\/04\/30042023-mesa-intersectorial.jpg\" alt=\"\" width=\"700\" height=\"350\" srcset=\"https:\/\/www.yungayino.cl\/noticias\/wp-content\/uploads\/2023\/04\/30042023-mesa-intersectorial.jpg 700w, https:\/\/www.yungayino.cl\/noticias\/wp-content\/uploads\/2023\/04\/30042023-mesa-intersectorial-300x150.jpg 300w\" sizes=\"auto, (max-width: 700px) 100vw, 700px\" \/><\/p>\n<p style=\"text-align: justify;\">Abril 2023: En dependencias de la Delegaci\u00f3n Presidencial Regional de \u00d1uble, y gracias a la gesti\u00f3n del alcalde de Yungay, Rafael Cifuentes Rodr\u00edguez, hoy se llev\u00f3 a cabo la primera reuni\u00f3n de la mesa intersectorial para la gesti\u00f3n y mejoramiento del sistema de alcantarillado de Campanario, coordinada por el Ministerio de Obras P\u00fablicas, en la que particip\u00f3 la Superintendencia de Servicios Sanitarios, el Ministerio de Desarrollo Social y Familia, el Ministerio de Salud, la Direcci\u00f3n de Obras Hidr\u00e1ulicas, la Direcci\u00f3n de Planeamiento del MOP y la Subsecretar\u00eda de Desarrollo Regional y Administrativo.<\/p>\n<p style=\"text-align: justify;\">En la instancia, que se espera instalar como una mesa regional permanente de apoyo a la gesti\u00f3n de las plantas de tratamiento de aguas servidas de \u00d1uble, se estableci\u00f3 un plan de trabajo para generar una iniciativa de conservaci\u00f3n de la Planta de Campanario y otra de ampliaci\u00f3n de la misma; ambas con la finalidad de mejorar el sistema de gesti\u00f3n de residuos de la localidad y dar normalizaci\u00f3n de la infraestructura, subsanando las actuales deficiencias.<\/p>\n<p style=\"text-align: justify;\">El equipo t\u00e9cnico del municipio, liderado por el administrador municipal; los directores de SECPLAN, DOM y Jur\u00eddica, adem\u00e1s del encargado de asuntos ambientales, pudieron exponer la realidad de la Planta de Tratamiento de Aguas Servidas de Campanario y lograr el apoyo de las entidades de Gobierno para gestionar los recursos que permitan la pronta mejora de la situaci\u00f3n que afecta a las y los vecinos de la localidad campanarina.<\/p>\n<p style=\"text-align: justify;\">El administrador municipal, Guillermo Saavedra Jim\u00e9nez, manifest\u00f3 que \u00abhoy estamos cumpliendo un importante requerimiento de nuestro alcalde, quien siempre ha estado preocupado de resolver la problem\u00e1tica que afecta a la Planta de Campanario, por eso agradecemos el apoyo de los diferentes servicios de Gobierno y quedamos comprometidos en seguir trabajando, de forma conjunta, en mejorar este sistema de tratamiento de aguas servidas\u00bb.<\/p>\n","protected":false},"excerpt":{"rendered":"<p>Abril 2023: En dependencias de la Delegaci\u00f3n Presidencial Regional de \u00d1uble, y gracias a la gesti\u00f3n del alcalde de Yungay, Rafael Cifuentes Rodr\u00edguez, hoy se llev\u00f3 a cabo la primera reuni\u00f3n de la mesa&#46;&#46;&#46;<\/p>\n","protected":false},"author":2,"featured_media":28333,"comment_status":"closed","ping_status":"open","sticky":false,"template":"","format":"standard","meta":{"footnotes":""},"categories":[1],"tags":[31,1115,8,6,117],"class_list":["post-28332","post","type-post","status-publish","format-standard","has-post-thumbnail","hentry","category-noticias","tag-campanario","tag-noticias","tag-yungay","tag-yungayino","tag-yungayinocl"],"_links":{"self":[{"href":"https:\/\/www.yungayino.cl\/noticias\/index.php?rest_route=\/wp\/v2\/posts\/28332","targetHints":{"allow":["GET"]}}],"collection":[{"href":"https:\/\/www.yungayino.cl\/noticias\/index.php?rest_route=\/wp\/v2\/posts"}],"about":[{"href":"https:\/\/www.yungayino.cl\/noticias\/index.php?rest_route=\/wp\/v2\/types\/post"}],"author":[{"embeddable":true,"href":"https:\/\/www.yungayino.cl\/noticias\/index.php?rest_route=\/wp\/v2\/users\/2"}],"replies":[{"embeddable":true,"href":"https:\/\/www.yungayino.cl\/noticias\/index.php?rest_route=%2Fwp%2Fv2%2Fcomments&post=28332"}],"version-history":[{"count":1,"href":"https:\/\/www.yungayino.cl\/noticias\/index.php?rest_route=\/wp\/v2\/posts\/28332\/revisions"}],"predecessor-version":[{"id":28334,"href":"https:\/\/www.yungayino.cl\/noticias\/index.php?rest_route=\/wp\/v2\/posts\/28332\/revisions\/28334"}],"wp:featuredmedia":[{"embeddable":true,"href":"https:\/\/www.yungayino.cl\/noticias\/index.php?rest_route=\/wp\/v2\/media\/28333"}],"wp:attachment":[{"href":"https:\/\/www.yungayino.cl\/noticias\/index.php?rest_route=%2Fwp%2Fv2%2Fmedia&parent=28332"}],"wp:term":[{"taxonomy":"category","embeddable":true,"href":"https:\/\/www.yungayino.cl\/noticias\/index.php?rest_route=%2Fwp%2Fv2%2Fcategories&post=28332"},{"taxonomy":"post_tag","embeddable":true,"href":"https:\/\/www.yungayino.cl\/noticias\/index.php?rest_route=%2Fwp%2Fv2%2Ftags&post=28332"}],"curies":[{"name":"wp","href":"https:\/\/api.w.org\/{rel}","templated":true}]}}