{"id":28341,"date":"2023-05-02T20:00:45","date_gmt":"2023-05-03T00:00:45","guid":{"rendered":"http:\/\/www.yungayino.cl\/noticias\/?p=28341"},"modified":"2023-05-03T13:47:27","modified_gmt":"2023-05-03T17:47:27","slug":"direccion-del-trabajo-suspendio-a-115-trabajadores-durante-feriado-del-comercio-del-1-de-mayo","status":"publish","type":"post","link":"https:\/\/www.yungayino.cl\/noticias\/?p=28341","title":{"rendered":"Direcci\u00f3n del Trabajo Suspendi\u00f3 a 115 Trabajadores Durante Feriado del Comercio del 1 de Mayo"},"content":{"rendered":"<p><img loading=\"lazy\" decoding=\"async\" class=\"alignnone wp-image-28342 size-full\" src=\"http:\/\/www.yungayino.cl\/noticias\/wp-content\/uploads\/2023\/05\/ferido-1-mayo.jpg\" alt=\"\" width=\"700\" height=\"351\" srcset=\"https:\/\/www.yungayino.cl\/noticias\/wp-content\/uploads\/2023\/05\/ferido-1-mayo.jpg 700w, https:\/\/www.yungayino.cl\/noticias\/wp-content\/uploads\/2023\/05\/ferido-1-mayo-300x150.jpg 300w, https:\/\/www.yungayino.cl\/noticias\/wp-content\/uploads\/2023\/05\/ferido-1-mayo-299x150.jpg 299w\" sizes=\"auto, (max-width: 700px) 100vw, 700px\" \/><\/p>\n<p style=\"text-align: justify;\">Mayo 2023: Un total de 115 trabajadoras y trabajadores del comercio fueron suspendidos el d\u00eda lunes 1 de mayo de sus turnos por la Direcci\u00f3n del Trabajo (DT) al no corresponderles laborar en el feriado obligatorio e irrenunciable del 1 de mayo.<\/p>\n<p style=\"text-align: justify;\">As\u00ed lo inform\u00f3 el organismo fiscalizador, que ayer fiscaliz\u00f3 en todo el pa\u00eds el respeto al derecho al descanso en este feriado y tambi\u00e9n el derecho al descanso alternado cada dos a\u00f1os de las trabajadoras y trabajadores del comercio que s\u00ed deben laborar en este tipo de feriados.<\/p>\n<p style=\"text-align: justify;\">Durante la jornada la DT realiz\u00f3 205 fiscalizaciones, 74 de las cuales terminaron con la aplicaci\u00f3n de multas. En total, el monto aplicado asciende a los $62.802.560.<\/p>\n<p style=\"text-align: justify;\">El 1 de mayo de 2022 se realizaron 104 fiscalizaciones que terminaron con 48 multas, equivalentes a $47.001.343. Un total de 86 trabajadores a los que no les correspond\u00eda trabajar se les suspendi\u00f3 la jornada y fueron enviados a sus casas.<\/p>\n<p style=\"text-align: justify;\">Respecto de la jornada del lunes, el siguiente es el desglose regional de multas y trabajadores suspendidos:<\/p>\n<p>&nbsp;<\/p>\n<table>\n<tbody>\n<tr>\n<td style=\"text-align: center;\" width=\"184\">Regi\u00f3n<\/td>\n<td style=\"text-align: center;\" width=\"184\">Fiscalizaciones<\/td>\n<td style=\"text-align: center;\" width=\"184\">Multas<\/td>\n<td style=\"text-align: center;\" width=\"184\">Trabajadores suspendidos<\/td>\n<\/tr>\n<tr>\n<td width=\"184\">Arica Parinacota<\/td>\n<td style=\"text-align: center;\" width=\"184\">5<\/td>\n<td style=\"text-align: center;\" width=\"184\">1<\/td>\n<td style=\"text-align: center;\" width=\"184\">2<\/td>\n<\/tr>\n<tr>\n<td width=\"184\">Tarapac\u00e1<\/td>\n<td style=\"text-align: center;\" width=\"184\">6<\/td>\n<td style=\"text-align: center;\" width=\"184\">6<\/td>\n<td style=\"text-align: center;\" width=\"184\">15<\/td>\n<\/tr>\n<tr>\n<td width=\"184\">Antofagasta<\/td>\n<td style=\"text-align: center;\" width=\"184\">9<\/td>\n<td style=\"text-align: center;\" width=\"184\">8<\/td>\n<td style=\"text-align: center;\" width=\"184\">27<\/td>\n<\/tr>\n<tr>\n<td width=\"184\">Atacama<\/td>\n<td style=\"text-align: center;\" width=\"184\">6<\/td>\n<td style=\"text-align: center;\" width=\"184\">1<\/td>\n<td style=\"text-align: center;\" width=\"184\">1<\/td>\n<\/tr>\n<tr>\n<td width=\"184\">Coquimbo<\/td>\n<td style=\"text-align: center;\" width=\"184\">9<\/td>\n<td style=\"text-align: center;\" width=\"184\">1<\/td>\n<td style=\"text-align: center;\" width=\"184\">1<\/td>\n<\/tr>\n<tr>\n<td width=\"184\">Valpara\u00edso<\/td>\n<td style=\"text-align: center;\" width=\"184\">15<\/td>\n<td style=\"text-align: center;\" width=\"184\">4<\/td>\n<td style=\"text-align: center;\" width=\"184\">5<\/td>\n<\/tr>\n<tr>\n<td width=\"184\">Metropolitana<\/td>\n<td style=\"text-align: center;\" width=\"184\">40<\/td>\n<td style=\"text-align: center;\" width=\"184\">13<\/td>\n<td style=\"text-align: center;\" width=\"184\">10<\/td>\n<\/tr>\n<tr>\n<td width=\"184\">O\u2019Higgins<\/td>\n<td style=\"text-align: center;\" width=\"184\">19<\/td>\n<td style=\"text-align: center;\" width=\"184\">12<\/td>\n<td style=\"text-align: center;\" width=\"184\">21<\/td>\n<\/tr>\n<tr>\n<td width=\"184\">Maule<\/td>\n<td style=\"text-align: center;\" width=\"184\">12<\/td>\n<td style=\"text-align: center;\" width=\"184\">3<\/td>\n<td style=\"text-align: center;\" width=\"184\">4<\/td>\n<\/tr>\n<tr>\n<td width=\"184\">\u00d1uble<\/td>\n<td style=\"text-align: center;\" width=\"184\">6<\/td>\n<td style=\"text-align: center;\" width=\"184\">2<\/td>\n<td style=\"text-align: center;\" width=\"184\">4<\/td>\n<\/tr>\n<tr>\n<td width=\"184\">Biob\u00edo<\/td>\n<td style=\"text-align: center;\" width=\"184\">11<\/td>\n<td style=\"text-align: center;\" width=\"184\">3<\/td>\n<td style=\"text-align: center;\" width=\"184\">2<\/td>\n<\/tr>\n<tr>\n<td width=\"184\">La Araucan\u00eda<\/td>\n<td style=\"text-align: center;\" width=\"184\">25<\/td>\n<td style=\"text-align: center;\" width=\"184\">4<\/td>\n<td style=\"text-align: center;\" width=\"184\">4<\/td>\n<\/tr>\n<tr>\n<td width=\"184\">Los R\u00edos<\/td>\n<td style=\"text-align: center;\" width=\"184\">10<\/td>\n<td style=\"text-align: center;\" width=\"184\">4<\/td>\n<td style=\"text-align: center;\" width=\"184\">3<\/td>\n<\/tr>\n<tr>\n<td width=\"184\">Los Lagos<\/td>\n<td style=\"text-align: center;\" width=\"184\">22<\/td>\n<td style=\"text-align: center;\" width=\"184\">9<\/td>\n<td style=\"text-align: center;\" width=\"184\">10<\/td>\n<\/tr>\n<tr>\n<td width=\"184\">Ays\u00e9n<\/td>\n<td style=\"text-align: center;\" width=\"184\">4<\/td>\n<td style=\"text-align: center;\" width=\"184\">2<\/td>\n<td style=\"text-align: center;\" width=\"184\">4<\/td>\n<\/tr>\n<tr>\n<td width=\"184\">Magallanes<\/td>\n<td style=\"text-align: center;\" width=\"184\">6<\/td>\n<td style=\"text-align: center;\" width=\"184\">1<\/td>\n<td style=\"text-align: center;\" width=\"184\">2<\/td>\n<\/tr>\n<tr>\n<td width=\"184\">TOTAL<\/td>\n<td style=\"text-align: center;\" width=\"184\">205<\/td>\n<td style=\"text-align: center;\" width=\"184\">74<\/td>\n<td style=\"text-align: center;\" width=\"184\">115<\/td>\n<\/tr>\n<\/tbody>\n<\/table>\n","protected":false},"excerpt":{"rendered":"<p>Mayo 2023: Un total de 115 trabajadoras y trabajadores del comercio fueron suspendidos el d\u00eda lunes 1 de mayo de sus turnos por la Direcci\u00f3n del Trabajo (DT) al no corresponderles laborar en el&#46;&#46;&#46;<\/p>\n","protected":false},"author":2,"featured_media":28342,"comment_status":"closed","ping_status":"open","sticky":false,"template":"","format":"standard","meta":{"footnotes":""},"categories":[1],"tags":[661,1115,8,6,117],"class_list":["post-28341","post","type-post","status-publish","format-standard","has-post-thumbnail","hentry","category-noticias","tag-dia-del-trabajador","tag-noticias","tag-yungay","tag-yungayino","tag-yungayinocl"],"_links":{"self":[{"href":"https:\/\/www.yungayino.cl\/noticias\/index.php?rest_route=\/wp\/v2\/posts\/28341","targetHints":{"allow":["GET"]}}],"collection":[{"href":"https:\/\/www.yungayino.cl\/noticias\/index.php?rest_route=\/wp\/v2\/posts"}],"about":[{"href":"https:\/\/www.yungayino.cl\/noticias\/index.php?rest_route=\/wp\/v2\/types\/post"}],"author":[{"embeddable":true,"href":"https:\/\/www.yungayino.cl\/noticias\/index.php?rest_route=\/wp\/v2\/users\/2"}],"replies":[{"embeddable":true,"href":"https:\/\/www.yungayino.cl\/noticias\/index.php?rest_route=%2Fwp%2Fv2%2Fcomments&post=28341"}],"version-history":[{"count":1,"href":"https:\/\/www.yungayino.cl\/noticias\/index.php?rest_route=\/wp\/v2\/posts\/28341\/revisions"}],"predecessor-version":[{"id":28343,"href":"https:\/\/www.yungayino.cl\/noticias\/index.php?rest_route=\/wp\/v2\/posts\/28341\/revisions\/28343"}],"wp:featuredmedia":[{"embeddable":true,"href":"https:\/\/www.yungayino.cl\/noticias\/index.php?rest_route=\/wp\/v2\/media\/28342"}],"wp:attachment":[{"href":"https:\/\/www.yungayino.cl\/noticias\/index.php?rest_route=%2Fwp%2Fv2%2Fmedia&parent=28341"}],"wp:term":[{"taxonomy":"category","embeddable":true,"href":"https:\/\/www.yungayino.cl\/noticias\/index.php?rest_route=%2Fwp%2Fv2%2Fcategories&post=28341"},{"taxonomy":"post_tag","embeddable":true,"href":"https:\/\/www.yungayino.cl\/noticias\/index.php?rest_route=%2Fwp%2Fv2%2Ftags&post=28341"}],"curies":[{"name":"wp","href":"https:\/\/api.w.org\/{rel}","templated":true}]}}