{"id":28362,"date":"2023-05-04T10:00:56","date_gmt":"2023-05-04T14:00:56","guid":{"rendered":"http:\/\/www.yungayino.cl\/noticias\/?p=28362"},"modified":"2023-05-04T13:44:00","modified_gmt":"2023-05-04T17:44:00","slug":"ceremonia-de-lanzamiento-del-programa-mujeres-jefas-de-hogar-en-yungay","status":"publish","type":"post","link":"https:\/\/www.yungayino.cl\/noticias\/?p=28362","title":{"rendered":"Ceremonia de Lanzamiento del Programa Mujeres Jefas de Hogar en Yungay"},"content":{"rendered":"<p><img loading=\"lazy\" decoding=\"async\" class=\"alignnone wp-image-28363 size-full\" src=\"http:\/\/www.yungayino.cl\/noticias\/wp-content\/uploads\/2023\/05\/4-mayo-programa-jefas-de-hogar.jpg\" alt=\"\" width=\"700\" height=\"350\" srcset=\"https:\/\/www.yungayino.cl\/noticias\/wp-content\/uploads\/2023\/05\/4-mayo-programa-jefas-de-hogar.jpg 700w, https:\/\/www.yungayino.cl\/noticias\/wp-content\/uploads\/2023\/05\/4-mayo-programa-jefas-de-hogar-300x150.jpg 300w\" sizes=\"auto, (max-width: 700px) 100vw, 700px\" \/><\/p>\n<p style=\"text-align: justify;\">Yungay, mayo 2023: Se realiz\u00f3 la ceremonia de Lanzamiento del Programa Mujeres Jefas de Hogar, a\u00f1o 2023 convocado por la Municipalidad de Yungay y el Servicio Nacional de la Mujer y la Equidad de G\u00e9nero, con el Objetivo de\u00a0 dar la bienvenida al Programa a las usuarias que ingresan este a\u00f1o y brindar un saludo a las que participaron anteriormente.<\/p>\n<p style=\"text-align: justify;\">En dicha\u00a0 Ceremonia se cont\u00f3 con la presencia de Autoridades: Sr. Ra\u00fal Fuentes Cuevas, Director (S) SernamEG \u00d1uble, Concejales de la Comuna, Sr. Gonzalo Rojas, Sra. Berta Cid, Sr. Ricardo Ramos y Sr. Rene Cabezas, \u00a0Directora de Desarrollo Comunitario y encargada Comunal del Programa Mujeres Jefas de Hogar en la Comuna de Yungay, Sra. Pamela Jelves Acu\u00f1a.<\/p>\n","protected":false},"excerpt":{"rendered":"<p>Yungay, mayo 2023: Se realiz\u00f3 la ceremonia de Lanzamiento del Programa Mujeres Jefas de Hogar, a\u00f1o 2023 convocado por la Municipalidad de Yungay y el Servicio Nacional de la Mujer y la Equidad de&#46;&#46;&#46;<\/p>\n","protected":false},"author":2,"featured_media":28363,"comment_status":"closed","ping_status":"open","sticky":false,"template":"","format":"standard","meta":{"footnotes":""},"categories":[1],"tags":[334,1880,1115,8,6,117],"class_list":["post-28362","post","type-post","status-publish","format-standard","has-post-thumbnail","hentry","category-noticias","tag-dideco","tag-mujeres-jefas-de-hogar","tag-noticias","tag-yungay","tag-yungayino","tag-yungayinocl"],"_links":{"self":[{"href":"https:\/\/www.yungayino.cl\/noticias\/index.php?rest_route=\/wp\/v2\/posts\/28362","targetHints":{"allow":["GET"]}}],"collection":[{"href":"https:\/\/www.yungayino.cl\/noticias\/index.php?rest_route=\/wp\/v2\/posts"}],"about":[{"href":"https:\/\/www.yungayino.cl\/noticias\/index.php?rest_route=\/wp\/v2\/types\/post"}],"author":[{"embeddable":true,"href":"https:\/\/www.yungayino.cl\/noticias\/index.php?rest_route=\/wp\/v2\/users\/2"}],"replies":[{"embeddable":true,"href":"https:\/\/www.yungayino.cl\/noticias\/index.php?rest_route=%2Fwp%2Fv2%2Fcomments&post=28362"}],"version-history":[{"count":1,"href":"https:\/\/www.yungayino.cl\/noticias\/index.php?rest_route=\/wp\/v2\/posts\/28362\/revisions"}],"predecessor-version":[{"id":28364,"href":"https:\/\/www.yungayino.cl\/noticias\/index.php?rest_route=\/wp\/v2\/posts\/28362\/revisions\/28364"}],"wp:featuredmedia":[{"embeddable":true,"href":"https:\/\/www.yungayino.cl\/noticias\/index.php?rest_route=\/wp\/v2\/media\/28363"}],"wp:attachment":[{"href":"https:\/\/www.yungayino.cl\/noticias\/index.php?rest_route=%2Fwp%2Fv2%2Fmedia&parent=28362"}],"wp:term":[{"taxonomy":"category","embeddable":true,"href":"https:\/\/www.yungayino.cl\/noticias\/index.php?rest_route=%2Fwp%2Fv2%2Fcategories&post=28362"},{"taxonomy":"post_tag","embeddable":true,"href":"https:\/\/www.yungayino.cl\/noticias\/index.php?rest_route=%2Fwp%2Fv2%2Ftags&post=28362"}],"curies":[{"name":"wp","href":"https:\/\/api.w.org\/{rel}","templated":true}]}}