{"id":28392,"date":"2023-05-09T08:00:17","date_gmt":"2023-05-09T12:00:17","guid":{"rendered":"http:\/\/www.yungayino.cl\/noticias\/?p=28392"},"modified":"2023-05-08T20:41:08","modified_gmt":"2023-05-09T00:41:08","slug":"celebracion-dia-de-la-madre-en-campanario-y-yungay-3","status":"publish","type":"post","link":"https:\/\/www.yungayino.cl\/noticias\/?p=28392","title":{"rendered":"Celebraci\u00f3n D\u00eda de la Madre en Campanario y Yungay"},"content":{"rendered":"<p><img loading=\"lazy\" decoding=\"async\" class=\"alignnone wp-image-28393 size-full\" src=\"http:\/\/www.yungayino.cl\/noticias\/wp-content\/uploads\/2023\/05\/11-mayo-dia-madre-Campanario-1.png\" alt=\"\" width=\"700\" height=\"700\" srcset=\"https:\/\/www.yungayino.cl\/noticias\/wp-content\/uploads\/2023\/05\/11-mayo-dia-madre-Campanario-1.png 700w, https:\/\/www.yungayino.cl\/noticias\/wp-content\/uploads\/2023\/05\/11-mayo-dia-madre-Campanario-1-300x300.png 300w, https:\/\/www.yungayino.cl\/noticias\/wp-content\/uploads\/2023\/05\/11-mayo-dia-madre-Campanario-1-150x150.png 150w, https:\/\/www.yungayino.cl\/noticias\/wp-content\/uploads\/2023\/05\/11-mayo-dia-madre-Campanario-1-80x80.png 80w, https:\/\/www.yungayino.cl\/noticias\/wp-content\/uploads\/2023\/05\/11-mayo-dia-madre-Campanario-1-320x320.png 320w\" sizes=\"auto, (max-width: 700px) 100vw, 700px\" \/><\/p>\n<p><img loading=\"lazy\" decoding=\"async\" class=\"alignnone wp-image-28394 size-full\" src=\"http:\/\/www.yungayino.cl\/noticias\/wp-content\/uploads\/2023\/05\/12-mayo-dia-madre-Yungay-1.png\" alt=\"\" width=\"700\" height=\"700\" srcset=\"https:\/\/www.yungayino.cl\/noticias\/wp-content\/uploads\/2023\/05\/12-mayo-dia-madre-Yungay-1.png 700w, https:\/\/www.yungayino.cl\/noticias\/wp-content\/uploads\/2023\/05\/12-mayo-dia-madre-Yungay-1-300x300.png 300w, https:\/\/www.yungayino.cl\/noticias\/wp-content\/uploads\/2023\/05\/12-mayo-dia-madre-Yungay-1-150x150.png 150w, https:\/\/www.yungayino.cl\/noticias\/wp-content\/uploads\/2023\/05\/12-mayo-dia-madre-Yungay-1-80x80.png 80w, https:\/\/www.yungayino.cl\/noticias\/wp-content\/uploads\/2023\/05\/12-mayo-dia-madre-Yungay-1-320x320.png 320w\" sizes=\"auto, (max-width: 700px) 100vw, 700px\" \/><\/p>\n<p style=\"text-align: justify;\">Yungay, mayo 2023: Como todos los a\u00f1os la I. Municipalidad de Yungay est\u00e1s organizando una linda celebraci\u00f3n para las Madres de nuestra comuna.<\/p>\n<p style=\"text-align: justify;\">La primera actividad ser\u00e1 el d\u00eda jueves 11 de Mayo, desde las 18:30 horas en el gimnasio de Campanario. En esta ocasi\u00f3n se presentar\u00e1 el Doble Oficial de Marco Antonio Sol\u00eds y el Yungayino El Llanero de \u00d1uble y su Banda Ranchera.<\/p>\n<p style=\"text-align: justify;\">Y la segunda actividad se llevar\u00e1 a cabo el d\u00eda viernes 12 de Mayo, desde las 18:30 horas en gimnasio multiuso de Yungay. En esta oportunidad se presentar\u00e1 Tributo artista Arjona, Luciano Pereira, \u00a0Dobles oficiales de Pimpinela y la Joven Yungayina Sof\u00eda San Mart\u00edn.<\/p>\n<p style=\"text-align: justify;\">El Municipio dispondr\u00e1 de movilizaci\u00f3n gratuita para que las mamitas asistan a disfrutar de su d\u00eda.<\/p>\n<p style=\"text-align: justify;\"><strong>BUSES DE ACERCAMIENTO<\/strong><\/p>\n<p style=\"text-align: justify;\"><strong>Jueves 11 DE MAYO<\/strong><\/p>\n<p style=\"text-align: justify;\">17:30 horas &#8211; El Roble<\/p>\n<p style=\"text-align: justify;\">17:45 horas &#8211; La Palma<\/p>\n<p style=\"text-align: justify;\">18:00 horas &#8211; Pangal del Laja<\/p>\n<p style=\"text-align: justify;\">17:30 horas &#8211; Ranchillo Bajo<\/p>\n<p style=\"text-align: justify;\">17:45 horas &#8211; La Caba\u00f1a y Tres Ranchos<\/p>\n<p style=\"text-align: justify;\"><strong>VIERNES 12 DE MAYO<\/strong><\/p>\n<p style=\"text-align: justify;\">17:15 horas &#8211; San Miguel de Itata Cruce Ranchillo<\/p>\n<p style=\"text-align: justify;\">17:30 horas &#8211; Rinconada Itata<\/p>\n<p style=\"text-align: justify;\">17:45 horas &#8211; Pedregal<\/p>\n<p style=\"text-align: justify;\">18:00 horas &#8211; Cholgu\u00e1n Estaci\u00f3n<\/p>\n<p style=\"text-align: justify;\">17:00 horas &#8211; El Castillo<\/p>\n<p style=\"text-align: justify;\">17:15 horas &#8211; Los Laureles<\/p>\n<p style=\"text-align: justify;\">17:30 horas &#8211; San Antonio<\/p>\n<p style=\"text-align: justify;\">17:45 horas &#8211; Los Mayos<\/p>\n<p style=\"text-align: justify;\">18:00 horas &#8211; Loma Atravesada<\/p>\n<p style=\"text-align: justify;\">18:15 horas &#8211; El Cardal<\/p>\n<p style=\"text-align: justify;\">17:45 horas &#8211; Los Puquios<\/p>\n<p style=\"text-align: justify;\">18:00 horas &#8211; Chillancito<\/p>\n<p style=\"text-align: justify;\">17:30 horas &#8211; Pallahuala (Garita)<\/p>\n<p style=\"text-align: justify;\">17:30 horas &#8211; Curapaso desde Canal Laja Diguill\u00edn<\/p>\n<p>&nbsp;<\/p>\n<p><img loading=\"lazy\" decoding=\"async\" class=\"wp-image-28396 size-full aligncenter\" src=\"http:\/\/www.yungayino.cl\/noticias\/wp-content\/uploads\/2023\/05\/11-mayo-recorrido-buses-e1683592745935.png\" alt=\"\" width=\"700\" height=\"1244\" srcset=\"https:\/\/www.yungayino.cl\/noticias\/wp-content\/uploads\/2023\/05\/11-mayo-recorrido-buses-e1683592745935.png 700w, https:\/\/www.yungayino.cl\/noticias\/wp-content\/uploads\/2023\/05\/11-mayo-recorrido-buses-e1683592745935-169x300.png 169w, https:\/\/www.yungayino.cl\/noticias\/wp-content\/uploads\/2023\/05\/11-mayo-recorrido-buses-e1683592745935-576x1024.png 576w, https:\/\/www.yungayino.cl\/noticias\/wp-content\/uploads\/2023\/05\/11-mayo-recorrido-buses-e1683592745935-84x150.png 84w\" sizes=\"auto, (max-width: 700px) 100vw, 700px\" \/><\/p>\n","protected":false},"excerpt":{"rendered":"<p>Yungay, mayo 2023: Como todos los a\u00f1os la I. Municipalidad de Yungay est\u00e1s organizando una linda celebraci\u00f3n para las Madres de nuestra comuna. La primera actividad ser\u00e1 el d\u00eda jueves 11 de Mayo, desde&#46;&#46;&#46;<\/p>\n","protected":false},"author":2,"featured_media":28393,"comment_status":"closed","ping_status":"open","sticky":false,"template":"","format":"standard","meta":{"footnotes":""},"categories":[1],"tags":[31,671,1115,8,6,117],"class_list":["post-28392","post","type-post","status-publish","format-standard","has-post-thumbnail","hentry","category-noticias","tag-campanario","tag-dia-de-la-madre","tag-noticias","tag-yungay","tag-yungayino","tag-yungayinocl"],"_links":{"self":[{"href":"https:\/\/www.yungayino.cl\/noticias\/index.php?rest_route=\/wp\/v2\/posts\/28392","targetHints":{"allow":["GET"]}}],"collection":[{"href":"https:\/\/www.yungayino.cl\/noticias\/index.php?rest_route=\/wp\/v2\/posts"}],"about":[{"href":"https:\/\/www.yungayino.cl\/noticias\/index.php?rest_route=\/wp\/v2\/types\/post"}],"author":[{"embeddable":true,"href":"https:\/\/www.yungayino.cl\/noticias\/index.php?rest_route=\/wp\/v2\/users\/2"}],"replies":[{"embeddable":true,"href":"https:\/\/www.yungayino.cl\/noticias\/index.php?rest_route=%2Fwp%2Fv2%2Fcomments&post=28392"}],"version-history":[{"count":3,"href":"https:\/\/www.yungayino.cl\/noticias\/index.php?rest_route=\/wp\/v2\/posts\/28392\/revisions"}],"predecessor-version":[{"id":28398,"href":"https:\/\/www.yungayino.cl\/noticias\/index.php?rest_route=\/wp\/v2\/posts\/28392\/revisions\/28398"}],"wp:featuredmedia":[{"embeddable":true,"href":"https:\/\/www.yungayino.cl\/noticias\/index.php?rest_route=\/wp\/v2\/media\/28393"}],"wp:attachment":[{"href":"https:\/\/www.yungayino.cl\/noticias\/index.php?rest_route=%2Fwp%2Fv2%2Fmedia&parent=28392"}],"wp:term":[{"taxonomy":"category","embeddable":true,"href":"https:\/\/www.yungayino.cl\/noticias\/index.php?rest_route=%2Fwp%2Fv2%2Fcategories&post=28392"},{"taxonomy":"post_tag","embeddable":true,"href":"https:\/\/www.yungayino.cl\/noticias\/index.php?rest_route=%2Fwp%2Fv2%2Ftags&post=28392"}],"curies":[{"name":"wp","href":"https:\/\/api.w.org\/{rel}","templated":true}]}}