{"id":28399,"date":"2023-05-10T07:00:57","date_gmt":"2023-05-10T11:00:57","guid":{"rendered":"http:\/\/www.yungayino.cl\/noticias\/?p=28399"},"modified":"2023-05-08T20:43:22","modified_gmt":"2023-05-09T00:43:22","slug":"comite-regional-de-cambio-climatico-realizo-su-primera-sesion-2023","status":"publish","type":"post","link":"https:\/\/www.yungayino.cl\/noticias\/?p=28399","title":{"rendered":"Comit\u00e9 Regional de Cambio Clim\u00e1tico Realiz\u00f3 su Primera Sesi\u00f3n 2023"},"content":{"rendered":"<p><img loading=\"lazy\" decoding=\"async\" class=\"alignnone wp-image-28400 size-full\" src=\"http:\/\/www.yungayino.cl\/noticias\/wp-content\/uploads\/2023\/05\/comite-regional-cambio-climatico.jpg\" alt=\"\" width=\"700\" height=\"350\" srcset=\"https:\/\/www.yungayino.cl\/noticias\/wp-content\/uploads\/2023\/05\/comite-regional-cambio-climatico.jpg 700w, https:\/\/www.yungayino.cl\/noticias\/wp-content\/uploads\/2023\/05\/comite-regional-cambio-climatico-300x150.jpg 300w\" sizes=\"auto, (max-width: 700px) 100vw, 700px\" \/><\/p>\n<p style=\"text-align: justify;\">\u00d1uble, mayo 2023: En la instancia se anunci\u00f3 el comienzo del Plan de Acci\u00f3n Regional de Cambio Clim\u00e1tico (PARCC) para la regi\u00f3n de \u00d1uble, que cont\u00f3 con la presencia de representantes de 6 Seremis, 7 municipios y de la ciudadan\u00eda.<\/p>\n<p style=\"text-align: justify;\">Para la implementaci\u00f3n de pol\u00edticas y acciones de Adaptaci\u00f3n al cambio clim\u00e1tico, establecido en el Plan Nacional de Adaptaci\u00f3n aprobado por el Consejo de Ministros para la Sustentabilidad, se realiz\u00f3 el Comit\u00e9 Regional de Cambio Clim\u00e1tico (CORECC) 2023, que fue precedido por el Gobernador Regional, \u00d3scar Cris\u00f3stomo Llanos y el seremi del Medio Ambiente \u00d1uble, Mario Rivas Pe\u00f1a.<\/p>\n<p style=\"text-align: justify;\">La instancia reuni\u00f3 al Consejo Consultivo Regional del Medio Ambiente, Seremis que integran el Consejo de Ministros para la sustentabilidad y Cambio Clim\u00e1tico, servicios p\u00fablicos de la regi\u00f3n de \u00d1uble y ciudadan\u00eda.<\/p>\n<p style=\"text-align: justify;\">Claudio Mart\u00ednez Cerda, Jefe de Divisi\u00f3n de Planificaci\u00f3n y Desarrollo, se\u00f1al\u00f3 que \u201ccomo Gobierno Regional, hemos definido como prioritario el cuidado del medio ambiente y la mitigaci\u00f3n y adaptaci\u00f3n al cambio clim\u00e1tico, para poder tener un territorio m\u00e1s sustentable y amigable para las futuras generaciones. Es por eso que, en esta sesi\u00f3n del comit\u00e9, hemos tomado conocimiento de la implementaci\u00f3n del Plan Regional de Cambio Clim\u00e1tico, el cual ser\u00e1 complementario a las iniciativas del Gobierno Regional. Esto nos permitir\u00e1 realizar un trabajo m\u00e1s ordenado, sin duplicidad de proyectos y enfocados en abordar las problem\u00e1ticas con una visi\u00f3n macro, que evite la fragmentaci\u00f3n de los planes comunales y nos permita, entre otras cosas, abordar los conflictos en todo el territorio afectado de manera integral. Sin duda, la reuni\u00f3n ha sido una instancia muy fruct\u00edfera y esperamos seguir avanzado en materias que nos permitan potenciar la conservaci\u00f3n de los diversos ecosistemas de \u00d1uble\u201d.<\/p>\n<p style=\"text-align: justify;\">Por su parte, el seremi del Medio Ambiente de \u00d1uble, Mario Rivas Pe\u00f1a, destac\u00f3 la importancia que tiene para la regi\u00f3n esta primera sesi\u00f3n CORECC 2023, reconocida por la Ley Marco de Cambio Clim\u00e1tico. \u201cEsta instancia es una gran oportunidad para compartir visiones entre cada sector y la realizaci\u00f3n de trabajos colaborativos en materia de sustentabilidad. Buscar soluciones para reducir las emisiones locales de gases de efecto invernadero, y as\u00ed avanzar en una mitigaci\u00f3n y adaptaci\u00f3n m\u00e1s acorde con nuestra realidad, con el fin de fortalecer el bienestar de la comunidad \u00f1ublensina y su h\u00e1bitat\u201d.<\/p>\n<p style=\"text-align: justify;\">Asimismo, Rivas a\u00f1adi\u00f3 que \u201casumiendo el rol de mesa t\u00e9cnica, como Seremi estamos trabajando en la elaboraci\u00f3n de este Plan de Acci\u00f3n Regional de Cambio Clim\u00e1tico, con el cual buscamos realizar un diagn\u00f3stico participativo para nuestra regi\u00f3n, teniendo en cuenta las vulnerabilidades de cada territorio\u201d.<\/p>\n<p style=\"text-align: justify;\">Y es que la participaci\u00f3n comunitaria y sectorial es fundamental en el avance hacia una descarbonizaci\u00f3n y desarrollo m\u00e1s sustentable, donde el mundo privado se ha hecho part\u00edcipe a trav\u00e9s del Programa de Compensaci\u00f3n de Emisiones y Huella Chile del Ministerio del Medio Ambiente, que cuenta con 23 empresas registradas que se encuentran midiendo sus emisiones de carbono, y 5 reconocidas por el Ministerio.<\/p>\n<p style=\"text-align: justify;\">Dentro de ese marco, se realiz\u00f3 el primer Encuentro Corfo Conecta 2023, evento de car\u00e1cter regional que propuso los desaf\u00edos sostenibles en materia de innovaci\u00f3n y un desarrollo productivo m\u00e1s sustentable, donde participaron autoridades, empresas, universidades, entre otros.<\/p>\n<p style=\"text-align: justify;\">A trav\u00e9s de una exposici\u00f3n, el seremi del Medio Ambiente de \u00d1uble, Mario Rivas, abord\u00f3 tres desaf\u00edos que pueden ser resueltos a trav\u00e9s de la Innovaci\u00f3n: habitabilidad y productividad frente al cambio clim\u00e1tico, oportunidades en econom\u00eda circular y eficiencia, y responsabilidad en recursos naturales y energ\u00e9ticos.<\/p>\n","protected":false},"excerpt":{"rendered":"<p>\u00d1uble, mayo 2023: En la instancia se anunci\u00f3 el comienzo del Plan de Acci\u00f3n Regional de Cambio Clim\u00e1tico (PARCC) para la regi\u00f3n de \u00d1uble, que cont\u00f3 con la presencia de representantes de 6 Seremis,&#46;&#46;&#46;<\/p>\n","protected":false},"author":2,"featured_media":28400,"comment_status":"closed","ping_status":"open","sticky":false,"template":"","format":"standard","meta":{"footnotes":""},"categories":[1],"tags":[2813,2812,1115,8,6,117],"class_list":["post-28399","post","type-post","status-publish","format-standard","has-post-thumbnail","hentry","category-noticias","tag-cambio-climatico","tag-comite-regional","tag-noticias","tag-yungay","tag-yungayino","tag-yungayinocl"],"_links":{"self":[{"href":"https:\/\/www.yungayino.cl\/noticias\/index.php?rest_route=\/wp\/v2\/posts\/28399","targetHints":{"allow":["GET"]}}],"collection":[{"href":"https:\/\/www.yungayino.cl\/noticias\/index.php?rest_route=\/wp\/v2\/posts"}],"about":[{"href":"https:\/\/www.yungayino.cl\/noticias\/index.php?rest_route=\/wp\/v2\/types\/post"}],"author":[{"embeddable":true,"href":"https:\/\/www.yungayino.cl\/noticias\/index.php?rest_route=\/wp\/v2\/users\/2"}],"replies":[{"embeddable":true,"href":"https:\/\/www.yungayino.cl\/noticias\/index.php?rest_route=%2Fwp%2Fv2%2Fcomments&post=28399"}],"version-history":[{"count":1,"href":"https:\/\/www.yungayino.cl\/noticias\/index.php?rest_route=\/wp\/v2\/posts\/28399\/revisions"}],"predecessor-version":[{"id":28401,"href":"https:\/\/www.yungayino.cl\/noticias\/index.php?rest_route=\/wp\/v2\/posts\/28399\/revisions\/28401"}],"wp:featuredmedia":[{"embeddable":true,"href":"https:\/\/www.yungayino.cl\/noticias\/index.php?rest_route=\/wp\/v2\/media\/28400"}],"wp:attachment":[{"href":"https:\/\/www.yungayino.cl\/noticias\/index.php?rest_route=%2Fwp%2Fv2%2Fmedia&parent=28399"}],"wp:term":[{"taxonomy":"category","embeddable":true,"href":"https:\/\/www.yungayino.cl\/noticias\/index.php?rest_route=%2Fwp%2Fv2%2Fcategories&post=28399"},{"taxonomy":"post_tag","embeddable":true,"href":"https:\/\/www.yungayino.cl\/noticias\/index.php?rest_route=%2Fwp%2Fv2%2Ftags&post=28399"}],"curies":[{"name":"wp","href":"https:\/\/api.w.org\/{rel}","templated":true}]}}