{"id":28405,"date":"2023-05-13T07:00:04","date_gmt":"2023-05-13T11:00:04","guid":{"rendered":"http:\/\/www.yungayino.cl\/noticias\/?p=28405"},"modified":"2023-05-08T20:46:59","modified_gmt":"2023-05-09T00:46:59","slug":"31-nuevos-medicos-y-odontologos-se-integran-a-la-red-de-atencion-primaria-de-salud-de-nuble","status":"publish","type":"post","link":"https:\/\/www.yungayino.cl\/noticias\/?p=28405","title":{"rendered":"31 Nuevos M\u00e9dicos y Odont\u00f3logos se Integran a la Red de Atenci\u00f3n Primaria de Salud de \u00d1uble"},"content":{"rendered":"<p><img loading=\"lazy\" decoding=\"async\" class=\"alignnone wp-image-28406 size-full\" src=\"http:\/\/www.yungayino.cl\/noticias\/wp-content\/uploads\/2023\/05\/Servicio-Salud-Nuble-EDF.jpg\" alt=\"\" width=\"700\" height=\"350\" srcset=\"https:\/\/www.yungayino.cl\/noticias\/wp-content\/uploads\/2023\/05\/Servicio-Salud-Nuble-EDF.jpg 700w, https:\/\/www.yungayino.cl\/noticias\/wp-content\/uploads\/2023\/05\/Servicio-Salud-Nuble-EDF-300x150.jpg 300w\" sizes=\"auto, (max-width: 700px) 100vw, 700px\" \/><\/p>\n<p style=\"text-align: justify;\">\u00d1uble, mayo 2023: La dotaci\u00f3n de facultativos se incorpora a los equipos cl\u00ednicos de 20 establecimientos asistenciales de la Regi\u00f3n, distribuidos en 13 comunas de las provincias de Diguill\u00edn, Itata y Punilla.<\/p>\n<p style=\"text-align: justify;\">Un total de 31 m\u00e9dicos y odont\u00f3logos arribaron a la Regi\u00f3n para fortalecer la Atenci\u00f3n Primaria de Salud. Se trata de 28 facultativos y 3 cirujanos dentistas, que reforzar\u00e1n los equipos de 13 comunas de \u00d1uble.<\/p>\n<p style=\"text-align: justify;\">Conocidos tradicionalmente como generales de zona, las y los profesionales que inician su Etapa de Destinaci\u00f3n y Formaci\u00f3n (EDF) este 2023, robustecer\u00e1n los Hospitales Comunitarios de la red y Cesfam, en comunas como Bulnes; Chill\u00e1n; Coelemu; Coihueco; El Carmen; Ninhue; \u00d1iqu\u00e9n; Quirihue; San Fabi\u00e1n; San Ignacio; Trehuaco; <strong>Yungay<\/strong> y R\u00e1nquil.<\/p>\n<p style=\"text-align: justify;\">En relaci\u00f3n a este importante hito, la Directora (s) del Servicio de Salud \u00d1uble, Elizabeth Abarca Trivi\u00f1o, destac\u00f3: \u201cDurante esta jornada, dimos la bienvenida a las y los nuevos profesionales a nuestra red asistencial, que en su mayor\u00eda, vienen a cubrir los cupos que dejaron sus colegas que partieron a su per\u00edodo de especializaci\u00f3n. Ser EDF constituye todo un orgullo para el sistema de salud p\u00fablico chileno, pues cumplen un rol muy importante, ya que acercan la atenci\u00f3n a comunidades de sectores apartados del territorio\u201d.<\/p>\n<p style=\"text-align: justify;\">\u201cComo sabemos, nuestra Regi\u00f3n, es la segunda m\u00e1s pobre del pa\u00eds, con altos \u00edndices de ruralidad, y con una poblaci\u00f3n envejecida, lo que hace que la tarea sea a diario compleja, pero tambi\u00e9n enriquecedora, pues el trabajo tiene un profundo impacto en la vida de las personas. Adem\u00e1s, acabamos de salir de una pandemia, lo que incluso increment\u00f3 la cantidad de usuarios que no tienen sus patolog\u00edas cr\u00f3nicas compensadas. Por ello, el desaf\u00edo tambi\u00e9n es llegar a ellos y ellas, reactivar nuestra red de APS, porque sabemos que es clave para el cuidado de la salud, el realizar las acciones preventivas, y justamente nuestros EDF junto a los equipos tendr\u00e1n esa gran tarea\u201d resalt\u00f3 la directiva.<\/p>\n<p style=\"text-align: justify;\">Por su parte, el Dr. Juan Pedro Andreu, presidente del Consejo Regional Chill\u00e1n del Colegio M\u00e9dico, valor\u00f3 la llegada de estos profesionales y afirm\u00f3 que \u00abpara la Regi\u00f3n de \u00d1uble es un regalo que lleguen 28 m\u00e9dicos generales de zona a cumplir su etapa de destinaci\u00f3n y formaci\u00f3n. Esto lo entendi\u00f3 el Servicio de Salud hace cinco a\u00f1os, cuando generamos el primer programa de inducci\u00f3n junto con la Seremi de Salud, la Universidad Cat\u00f3lica de la Sant\u00edsima Concepci\u00f3n y la Fundaci\u00f3n de Asistencia Legal del Colegio M\u00e9dico. La idea es que este programa de inducci\u00f3n se mantenga en el tiempo, se replique en otras regiones y sea el punto de partida para un programa de formaci\u00f3n continua de los m\u00e9dicos en etapa de destinaci\u00f3n y formaci\u00f3n\u00bb.<\/p>\n<p style=\"text-align: justify;\">Expectativas y experiencias de las y los profesionales<\/p>\n<p style=\"text-align: justify;\">Nadia Brocal es odont\u00f3loga y comenzar\u00e1 su per\u00edodo de Destinaci\u00f3n en el Hospital Comunitario de Salud Familiar de Bulnes, argumenta que \u00abes una experiencia que te conecta con la comunidad de una manera que el pregrado no lo hace. Estar en la primera l\u00ednea de atenci\u00f3n p\u00fablica nos brinda las verdaderas herramientas para ayudar a la poblaci\u00f3n, y el servicio a la comunidad es lo m\u00e1s importante. La experiencia como EDF es la mejor etapa de nuestra vida profesional. Finalmente, podemos salir al mundo y poner en acci\u00f3n todo lo que nos ense\u00f1aron. Como primer paso en esta etapa, ha sido muy gratificante, y esperamos seguir con todas las actividades que permitan dejar una poblaci\u00f3n m\u00e1s saludable y mejor que cuando nosotros llegamos\u00bb.<\/p>\n<p style=\"text-align: justify;\">En esa misma l\u00ednea, el Delegado Regional de los Cirujanos Dentistas EDF en \u00d1uble, Pablo Bustos, expres\u00f3: \u00abEsta instancia es muy valiosa para conocer c\u00f3mo funciona la red asistencial, c\u00f3mo funcionan todos los procesos administrativos de nuestro servicio y, adem\u00e1s, acercar a los nuevos colegas al trabajo que van a desarrollar dentro de nuestra Regi\u00f3n. Yo tambi\u00e9n pas\u00e9 por este mismo proceso y es tremendamente enriquecedor, as\u00ed que dejo a mis colegas totalmente invitados y motivados para que puedan ser el mejor aporte posible para nuestro servicio\u00bb.<\/p>\n<p style=\"text-align: justify;\">Del mismo modo, Diego Merino, Delegado de los M\u00e9dicos Generales de \u00d1uble, manifest\u00f3 que este proceso \u00abes probablemente el m\u00e1s significativo e importante que van a tener dentro de su vida laboral y personal. Hemos trabajado este a\u00f1o junto con el Servicio de Salud y como directiva de los m\u00e9dicos generales de zona, para ir avanzando; creemos en la direcci\u00f3n correcta, ya que nos han mostrado apoyo tanto para las reuniones presenciales que hab\u00edamos dejado de tener, como para retomar algunas pasant\u00edas. Por lo tanto, confiamos firmemente que el trabajo conjunto con el servicio de salud beneficia localmente a cada uno de los usuarios de la Red de \u00d1uble, puesto que somos nosotros los que estamos d\u00eda a d\u00eda en cada uno de los rincones de la regi\u00f3n. Avanzar en la simbiosis entre el servicio de salud y los m\u00e9dicos generales de zona es avanzar en el progreso de la salud para la regi\u00f3n\u00bb.<\/p>\n<p style=\"text-align: justify;\">Los y las profesionales se desempe\u00f1ar\u00e1n efectuando labores de control de personas con enfermedades cr\u00f3nicas, en extensi\u00f3n horaria, visitas domiciliarias, entre otras acciones, permaneciendo al menos durante 3 a\u00f1os en un establecimiento de atenci\u00f3n primaria para luego acceder a la\u00a0postulaci\u00f3n de becas de formaci\u00f3n de especialidades m\u00e9dicas.<\/p>\n<p style=\"text-align: justify;\">La jornada cont\u00f3 con la participaci\u00f3n de representantes de la Seremi de Salud, del Colegio M\u00e9dico y de los cap\u00edtulos de M\u00e9dicos Generales de zona y Cirujanos Dentistas EDF.<\/p>\n","protected":false},"excerpt":{"rendered":"<p>\u00d1uble, mayo 2023: La dotaci\u00f3n de facultativos se incorpora a los equipos cl\u00ednicos de 20 establecimientos asistenciales de la Regi\u00f3n, distribuidos en 13 comunas de las provincias de Diguill\u00edn, Itata y Punilla. Un total&#46;&#46;&#46;<\/p>\n","protected":false},"author":2,"featured_media":28406,"comment_status":"closed","ping_status":"open","sticky":false,"template":"","format":"standard","meta":{"footnotes":""},"categories":[1,1675,1676],"tags":[2815,1115,1678,2816,65,8,6,117],"class_list":["post-28405","post","type-post","status-publish","format-standard","has-post-thumbnail","hentry","category-noticias","category-saludc","category-salud","tag-medicos","tag-noticias","tag-nuble","tag-odontologos","tag-salud","tag-yungay","tag-yungayino","tag-yungayinocl"],"_links":{"self":[{"href":"https:\/\/www.yungayino.cl\/noticias\/index.php?rest_route=\/wp\/v2\/posts\/28405","targetHints":{"allow":["GET"]}}],"collection":[{"href":"https:\/\/www.yungayino.cl\/noticias\/index.php?rest_route=\/wp\/v2\/posts"}],"about":[{"href":"https:\/\/www.yungayino.cl\/noticias\/index.php?rest_route=\/wp\/v2\/types\/post"}],"author":[{"embeddable":true,"href":"https:\/\/www.yungayino.cl\/noticias\/index.php?rest_route=\/wp\/v2\/users\/2"}],"replies":[{"embeddable":true,"href":"https:\/\/www.yungayino.cl\/noticias\/index.php?rest_route=%2Fwp%2Fv2%2Fcomments&post=28405"}],"version-history":[{"count":2,"href":"https:\/\/www.yungayino.cl\/noticias\/index.php?rest_route=\/wp\/v2\/posts\/28405\/revisions"}],"predecessor-version":[{"id":28408,"href":"https:\/\/www.yungayino.cl\/noticias\/index.php?rest_route=\/wp\/v2\/posts\/28405\/revisions\/28408"}],"wp:featuredmedia":[{"embeddable":true,"href":"https:\/\/www.yungayino.cl\/noticias\/index.php?rest_route=\/wp\/v2\/media\/28406"}],"wp:attachment":[{"href":"https:\/\/www.yungayino.cl\/noticias\/index.php?rest_route=%2Fwp%2Fv2%2Fmedia&parent=28405"}],"wp:term":[{"taxonomy":"category","embeddable":true,"href":"https:\/\/www.yungayino.cl\/noticias\/index.php?rest_route=%2Fwp%2Fv2%2Fcategories&post=28405"},{"taxonomy":"post_tag","embeddable":true,"href":"https:\/\/www.yungayino.cl\/noticias\/index.php?rest_route=%2Fwp%2Fv2%2Ftags&post=28405"}],"curies":[{"name":"wp","href":"https:\/\/api.w.org\/{rel}","templated":true}]}}