{"id":28443,"date":"2023-05-25T07:00:56","date_gmt":"2023-05-25T11:00:56","guid":{"rendered":"http:\/\/www.yungayino.cl\/noticias\/?p=28443"},"modified":"2023-05-16T16:20:37","modified_gmt":"2023-05-16T20:20:37","slug":"concurso-literario-de-senama-convoca-a-las-personas-mayores-de-nuble-a-relatar-sus-historias-de-vida","status":"publish","type":"post","link":"https:\/\/www.yungayino.cl\/noticias\/?p=28443","title":{"rendered":"Concurso Literario de SENAMA Convoca a las Personas Mayores de \u00d1uble a Relatar sus Historias de Vida"},"content":{"rendered":"<p><img loading=\"lazy\" decoding=\"async\" class=\"alignnone wp-image-28444 size-full\" src=\"http:\/\/www.yungayino.cl\/noticias\/wp-content\/uploads\/2023\/05\/concurso-literario-2023.jpg\" alt=\"\" width=\"700\" height=\"350\" srcset=\"https:\/\/www.yungayino.cl\/noticias\/wp-content\/uploads\/2023\/05\/concurso-literario-2023.jpg 700w, https:\/\/www.yungayino.cl\/noticias\/wp-content\/uploads\/2023\/05\/concurso-literario-2023-300x150.jpg 300w\" sizes=\"auto, (max-width: 700px) 100vw, 700px\" \/><\/p>\n<p style=\"text-align: justify;\">Mayo 2023: Es la novena edici\u00f3n del concurso, que lleva el lema \u201cUna vida en palabras\u201d, y que este a\u00f1o se enmarca en el Mes del Libro y la Lectura, contando con una Menci\u00f3n Especial por los 50 a\u00f1os del Golpe de Estado.<\/p>\n<p style=\"text-align: justify;\">En dependencias de la Coordinaci\u00f3n Regional del Servicio Nacional del Adulto Mayor (SENAMA) se lanz\u00f3 hoy el Concurso Literario Autobiogr\u00e1fico de Personas Mayores, instancia que cont\u00f3 con la participaci\u00f3n de personas mayores pertenecientes al Consejo Asesor Mayor de SENAMA, quienes fueron acompa\u00f1ados por la Seremi de Desarrollo Social y Familia, Marta Carvajal, la seremi de las Culturas, las Artes y el Patrimonio, Scarlet Hidalgo, y el Coordinador Regional (S) Carlos Jim\u00e9nez.<\/p>\n<p style=\"text-align: justify;\">Se trata de un concurso a nivel nacional que el a\u00f1o pasado cont\u00f3 con la participaci\u00f3n de cerca de mil personas mayores. Este elige un ganador por cada regi\u00f3n, uno internacional y otro nacional, adem\u00e1s dos menciones honrosas por regi\u00f3n y para los relatos que llegan del extranjero. Asimismo, se destaca la Menci\u00f3n Inclusiva, y este a\u00f1o de manera especial, la Menci\u00f3n Conmemorativa \u201cDemocracia es memoria y futuro\u201d, en recuerdo de los 50 a\u00f1os del Golpe de Estado, hito impulsado por el Gobierno, a trav\u00e9s de distintas acciones y actividades.<\/p>\n<p style=\"text-align: justify;\">La iniciativa tambi\u00e9n forma parte del Programa Envejecimiento Activo de SENAMA y promueve una imagen positiva y participativa de la vejez, entregando contenidos y herramientas para enfrentar de mejor manera esta etapa de la vida.<\/p>\n<p style=\"text-align: justify;\">\u201cEl Concurso Literario estar\u00e1 vigente hasta el 21 de julio de este a\u00f1o y viene a promover la participaci\u00f3n activa de las personas mayores por medio de la\u00a0 escritura de relatos, versos o prosa,\u00a0\u00a0 con un m\u00e1ximo de ocho carillas,\u00a0 donde puedan contar diversas historias, situaciones o an\u00e9cdotas de su vida y que \u00e9stas se vean reflejadas en el concurso; la idea es que las personas mayores puedan enviar directamente sus escritos al correo <a href=\"mailto:concursoliterario@senama.cl\">concursoliterario@senama.cl<\/a>,\u00a0 o bien que lo puedan entregar \u00a0de manera directa en las oficinas de SENAMA Regional\u201d, detall\u00f3 la seremi de Desarrollo Social y Familia, Marta Carvajal.<\/p>\n<p style=\"text-align: justify;\">\u201cQueremos relevar la menci\u00f3n conmemorativa que tiene este a\u00f1o el concurso, que est\u00e1 basada en el cumplimiento de los 50 a\u00f1os del golpe militar,\u00a0 donde invita a las personas a participar con historias que reflejen su memoria, y su menci\u00f3n conmemorativa est\u00e1 enfocada en la frase Democracia, Memoria y Futuro relevando por cierto como Gobierno la importancia de la democracia en la ciudadan\u00eda\u00a0 y como tambi\u00e9n las historias del pasado y del presente pueden reflejar y ser un camino para las personas m\u00e1s j\u00f3venes y que puedan ir conociendo la historia\u201d, agreg\u00f3 la Seremi.<\/p>\n<p style=\"text-align: justify;\">En esa\u00a0 l\u00ednea, la seremi de las Culturas, las Artes y el Patrimonio, Scarlet Hidalgo,\u00a0 afirm\u00f3 que es importante este Concurso Literario que este a\u00f1o tiene un foco particular \u00a0en la Menci\u00f3n Conmemorativa \u201cDemocracia es memoria y futuro\u201d, pues nos entrega la oportunidad de que las personas mayores puedan expresarse \u00a0haciendo remembranzas a aquellos recuerdos\u00a0 de\u00a0 50 a\u00f1os atr\u00e1s, \u00a0de situaciones familiares que se viv\u00edan,\u00a0 de las vivencias,\u00a0 de las cosas dom\u00e9sticas, de los juegos de los ni\u00f1os de la \u00e9poca, inclusive;\u00a0 entonces, entregar esas experiencias hoy d\u00eda y tener la posibilidad de compartirlo creo que es algo muy valioso \u00a0y que contribuye\u00a0 a los que vamos construyendo como \u00d1uble\u201d.<\/p>\n<p style=\"text-align: justify;\">El Coordinador Regional (S) del Servicio Nacional del Adulto Mayor de la regi\u00f3n de \u00d1uble Carlos Jimenez Chandia se\u00f1ala; las personas mayores a nivel nacional y en nuestra regi\u00f3n reflejan un gran porcentaje de la poblaci\u00f3n, donde a la vez un gran porcentaje de ellos participan en distintas instancias, ya sea clubes de adulto mayor, grupos literarios, art\u00edsticos etc., por lo que hoy hacemos un llamado tanto a las personas mayores organizadas y no organizadas a ser parte de este concurso que busca incentivar la cultura literaria a trav\u00e9s de las vivencias que cada persona mayor ha tenido a lo largo de su vida.<\/p>\n<p style=\"text-align: justify;\">SOBRE EL CONCURSO<\/p>\n<ul>\n<li style=\"text-align: justify;\">Pueden participar todas las personas mayores de 60 a\u00f1os y m\u00e1s, tanto de Chile, como del extranjero, con una obra autobiogr\u00e1fica, en verso o prosa, sobre un hecho o etapa significativa de sus vidas.<\/li>\n<li style=\"text-align: justify;\">Las obras deben ser in\u00e9ditas, estar escritas en castellano, u otra lengua de los pueblos originarios de Chile, con traducci\u00f3n al espa\u00f1ol. Deben ser enviadas como archivo Microsoft Word, con una extensi\u00f3n m\u00e1xima de 8 (ocho) p\u00e1ginas.<\/li>\n<li style=\"text-align: justify;\">S\u00f3lo se admitir\u00e1n hasta 4 obras literarias por participante.<\/li>\n<li style=\"text-align: justify;\">Los relatos deben ser enviados al correo electr\u00f3nico <a href=\"mailto:concursoliterario@senama.cl\">concursoliterario@senama.cl<\/a>, o bien entregarlas presencialmente en la oficina regional de SENAMA m\u00e1s cercana.<\/li>\n<li style=\"text-align: justify;\">El certamen forma parte del Plan Nacional de Fomento de la Lectura del Consejo Nacional del Libro y la Lectura.<\/li>\n<li style=\"text-align: justify;\">El plazo para participar vence el 21 de julio.<\/li>\n<li style=\"text-align: justify;\">Para mayor informaci\u00f3n revise <a href=\"http:\/\/www.senama.gob.bl\">senama.gob.bl<\/a>.<\/li>\n<\/ul>\n","protected":false},"excerpt":{"rendered":"<p>Mayo 2023: Es la novena edici\u00f3n del concurso, que lleva el lema \u201cUna vida en palabras\u201d, y que este a\u00f1o se enmarca en el Mes del Libro y la Lectura, contando con una Menci\u00f3n&#46;&#46;&#46;<\/p>\n","protected":false},"author":2,"featured_media":28444,"comment_status":"closed","ping_status":"open","sticky":false,"template":"","format":"standard","meta":{"footnotes":""},"categories":[1],"tags":[1998,1115,619,8,6,117],"class_list":["post-28443","post","type-post","status-publish","format-standard","has-post-thumbnail","hentry","category-noticias","tag-concurso-literario","tag-noticias","tag-senama","tag-yungay","tag-yungayino","tag-yungayinocl"],"_links":{"self":[{"href":"https:\/\/www.yungayino.cl\/noticias\/index.php?rest_route=\/wp\/v2\/posts\/28443","targetHints":{"allow":["GET"]}}],"collection":[{"href":"https:\/\/www.yungayino.cl\/noticias\/index.php?rest_route=\/wp\/v2\/posts"}],"about":[{"href":"https:\/\/www.yungayino.cl\/noticias\/index.php?rest_route=\/wp\/v2\/types\/post"}],"author":[{"embeddable":true,"href":"https:\/\/www.yungayino.cl\/noticias\/index.php?rest_route=\/wp\/v2\/users\/2"}],"replies":[{"embeddable":true,"href":"https:\/\/www.yungayino.cl\/noticias\/index.php?rest_route=%2Fwp%2Fv2%2Fcomments&post=28443"}],"version-history":[{"count":1,"href":"https:\/\/www.yungayino.cl\/noticias\/index.php?rest_route=\/wp\/v2\/posts\/28443\/revisions"}],"predecessor-version":[{"id":28445,"href":"https:\/\/www.yungayino.cl\/noticias\/index.php?rest_route=\/wp\/v2\/posts\/28443\/revisions\/28445"}],"wp:featuredmedia":[{"embeddable":true,"href":"https:\/\/www.yungayino.cl\/noticias\/index.php?rest_route=\/wp\/v2\/media\/28444"}],"wp:attachment":[{"href":"https:\/\/www.yungayino.cl\/noticias\/index.php?rest_route=%2Fwp%2Fv2%2Fmedia&parent=28443"}],"wp:term":[{"taxonomy":"category","embeddable":true,"href":"https:\/\/www.yungayino.cl\/noticias\/index.php?rest_route=%2Fwp%2Fv2%2Fcategories&post=28443"},{"taxonomy":"post_tag","embeddable":true,"href":"https:\/\/www.yungayino.cl\/noticias\/index.php?rest_route=%2Fwp%2Fv2%2Ftags&post=28443"}],"curies":[{"name":"wp","href":"https:\/\/api.w.org\/{rel}","templated":true}]}}