{"id":28453,"date":"2023-05-23T07:00:03","date_gmt":"2023-05-23T11:00:03","guid":{"rendered":"http:\/\/www.yungayino.cl\/noticias\/?p=28453"},"modified":"2023-05-22T18:44:31","modified_gmt":"2023-05-22T22:44:31","slug":"alcalde-de-yungay-presenta-a-los-nuevos-directores-de-los-establecimientos-educacionales-de-la-comuna","status":"publish","type":"post","link":"https:\/\/www.yungayino.cl\/noticias\/?p=28453","title":{"rendered":"Alcalde de Yungay Presenta a los Nuevos Directores de los Establecimientos Educacionales de la Comuna"},"content":{"rendered":"<p><img loading=\"lazy\" decoding=\"async\" class=\"alignnone wp-image-28454 size-full\" src=\"http:\/\/www.yungayino.cl\/noticias\/wp-content\/uploads\/2023\/05\/nuevos-directores-colegios.jpg\" alt=\"\" width=\"700\" height=\"350\" srcset=\"https:\/\/www.yungayino.cl\/noticias\/wp-content\/uploads\/2023\/05\/nuevos-directores-colegios.jpg 700w, https:\/\/www.yungayino.cl\/noticias\/wp-content\/uploads\/2023\/05\/nuevos-directores-colegios-300x150.jpg 300w\" sizes=\"auto, (max-width: 700px) 100vw, 700px\" \/><\/p>\n<p style=\"text-align: justify;\">Yungay, mayo 2023: El alcalde de Yungay, Rafael Cifuentes Rodr\u00edguez, acompa\u00f1ado por el jefe del Departamento de Educaci\u00f3n, Germ\u00e1n Cifuentes, present\u00f3 a los tres nuevos directores de los establecimientos educacionales m\u00e1s grandes de la comuna, Jaime Olavarr\u00eda, V\u00edctor Ojeda y Zoilo Irarr\u00e1zaval. Tras un riguroso proceso de selecci\u00f3n, estos profesionales de la educaci\u00f3n han sido seleccionados para liderar los esfuerzos en pro de la educaci\u00f3n p\u00fablica en Yungay.<\/p>\n<p style=\"text-align: justify;\">El jefe DAEM expres\u00f3 su satisfacci\u00f3n al dar la bienvenida a los nuevos directores y destac\u00f3 la importancia de su labor en el desarrollo y fortalecimiento de la educaci\u00f3n en la comuna. Subray\u00f3 que la elecci\u00f3n de los directores se realiz\u00f3 a trav\u00e9s de un concurso de alta direcci\u00f3n p\u00fablica, garantizando la transparencia y la elecci\u00f3n de los candidatos m\u00e1s calificados para ocupar estos cargos fundamentales.<\/p>\n<p style=\"text-align: justify;\">V\u00edctor Ojeda se desempe\u00f1ar\u00e1 en el Liceo TP de Campanario Marcos Delucchi Fonck, Jaime Olavarr\u00eda, en el Liceo de Yungay y Zoilo Irarr\u00e1zaval en la Escuela Fernando Baquedano. Estos son reconocidos por su trayectoria y su relevancia en la formaci\u00f3n de los estudiantes y la comunidad educativa de Yungay.<\/p>\n<p style=\"text-align: justify;\">Los nuevos directores asumir\u00e1n la responsabilidad de liderar y guiar el proceso educativo, promoviendo la calidad acad\u00e9mica, la inclusi\u00f3n y el desarrollo integral de los estudiantes. Su misi\u00f3n ser\u00e1 trabajar en colaboraci\u00f3n con los docentes, padres de familia y la comunidad en general para asegurar una educaci\u00f3n de excelencia y equidad para todos los estudiantes de la comuna.<\/p>\n<p style=\"text-align: justify;\">Alcalde concluy\u00f3 la presentaci\u00f3n destacando que estos nombramientos son un paso importante en el compromiso del municipio de Yungay por fortalecer la educaci\u00f3n p\u00fablica y brindar a los estudiantes las mejores oportunidades de aprendizaje. Adem\u00e1s, reiter\u00f3 su confianza en los nuevos directores y los inst\u00f3 a trabajar arduamente en beneficio de la comunidad educativa.<\/p>\n<p style=\"text-align: justify;\">Con la presentaci\u00f3n de estos nuevos directores, se espera que los establecimientos educacionales de Yungay contin\u00faen prosperando y que los estudiantes alcancen todo su potencial en un entorno de aprendizaje seguro y de calidad.<\/p>\n","protected":false},"excerpt":{"rendered":"<p>Yungay, mayo 2023: El alcalde de Yungay, Rafael Cifuentes Rodr\u00edguez, acompa\u00f1ado por el jefe del Departamento de Educaci\u00f3n, Germ\u00e1n Cifuentes, present\u00f3 a los tres nuevos directores de los establecimientos educacionales m\u00e1s grandes de la&#46;&#46;&#46;<\/p>\n","protected":false},"author":2,"featured_media":28454,"comment_status":"closed","ping_status":"open","sticky":false,"template":"","format":"standard","meta":{"footnotes":""},"categories":[1493,2571,1],"tags":[31,366,190,89,1115,8,6,117],"class_list":["post-28453","post","type-post","status-publish","format-standard","has-post-thumbnail","hentry","category-educacion","category-educacion-2","category-noticias","tag-campanario","tag-educacion","tag-escuela-fernando-baquedano","tag-liceo-yungay","tag-noticias","tag-yungay","tag-yungayino","tag-yungayinocl"],"_links":{"self":[{"href":"https:\/\/www.yungayino.cl\/noticias\/index.php?rest_route=\/wp\/v2\/posts\/28453","targetHints":{"allow":["GET"]}}],"collection":[{"href":"https:\/\/www.yungayino.cl\/noticias\/index.php?rest_route=\/wp\/v2\/posts"}],"about":[{"href":"https:\/\/www.yungayino.cl\/noticias\/index.php?rest_route=\/wp\/v2\/types\/post"}],"author":[{"embeddable":true,"href":"https:\/\/www.yungayino.cl\/noticias\/index.php?rest_route=\/wp\/v2\/users\/2"}],"replies":[{"embeddable":true,"href":"https:\/\/www.yungayino.cl\/noticias\/index.php?rest_route=%2Fwp%2Fv2%2Fcomments&post=28453"}],"version-history":[{"count":1,"href":"https:\/\/www.yungayino.cl\/noticias\/index.php?rest_route=\/wp\/v2\/posts\/28453\/revisions"}],"predecessor-version":[{"id":28455,"href":"https:\/\/www.yungayino.cl\/noticias\/index.php?rest_route=\/wp\/v2\/posts\/28453\/revisions\/28455"}],"wp:featuredmedia":[{"embeddable":true,"href":"https:\/\/www.yungayino.cl\/noticias\/index.php?rest_route=\/wp\/v2\/media\/28454"}],"wp:attachment":[{"href":"https:\/\/www.yungayino.cl\/noticias\/index.php?rest_route=%2Fwp%2Fv2%2Fmedia&parent=28453"}],"wp:term":[{"taxonomy":"category","embeddable":true,"href":"https:\/\/www.yungayino.cl\/noticias\/index.php?rest_route=%2Fwp%2Fv2%2Fcategories&post=28453"},{"taxonomy":"post_tag","embeddable":true,"href":"https:\/\/www.yungayino.cl\/noticias\/index.php?rest_route=%2Fwp%2Fv2%2Ftags&post=28453"}],"curies":[{"name":"wp","href":"https:\/\/api.w.org\/{rel}","templated":true}]}}