{"id":28456,"date":"2023-05-24T07:00:54","date_gmt":"2023-05-24T11:00:54","guid":{"rendered":"http:\/\/www.yungayino.cl\/noticias\/?p=28456"},"modified":"2023-05-22T18:46:36","modified_gmt":"2023-05-22T22:46:36","slug":"seremi-del-medio-ambiente-de-nuble-realizo-la-cuenta-publica-gestion-2022","status":"publish","type":"post","link":"https:\/\/www.yungayino.cl\/noticias\/?p=28456","title":{"rendered":"Seremi del Medio Ambiente de \u00d1uble Realiz\u00f3 la Cuenta P\u00fablica Gesti\u00f3n 2022"},"content":{"rendered":"<p><img loading=\"lazy\" decoding=\"async\" class=\"alignnone wp-image-28457 size-full\" src=\"http:\/\/www.yungayino.cl\/noticias\/wp-content\/uploads\/2023\/05\/cuenta-publica-medio-ambiente.jpg\" alt=\"\" width=\"700\" height=\"350\" srcset=\"https:\/\/www.yungayino.cl\/noticias\/wp-content\/uploads\/2023\/05\/cuenta-publica-medio-ambiente.jpg 700w, https:\/\/www.yungayino.cl\/noticias\/wp-content\/uploads\/2023\/05\/cuenta-publica-medio-ambiente-300x150.jpg 300w\" sizes=\"auto, (max-width: 700px) 100vw, 700px\" \/><\/p>\n<p style=\"text-align: justify;\">\u00d1uble, mayo 2023: En el contexto de la Cuenta P\u00fablica de la gesti\u00f3n institucional 2022 de la Seremi del Medio Ambiente de \u00d1uble, el jefe de la cartera en la regi\u00f3n, Mario Rivas, realiz\u00f3 un balance, donde entreg\u00f3 cifras y logros obtenidos durante el per\u00edodo, destacando la implementaci\u00f3n de acciones en el marco del Cambio Clim\u00e1tico, atendiendo la Norma General de Participaci\u00f3n Ciudadana del Ministerio del Medio Ambiente.<\/p>\n<p style=\"text-align: justify;\">La actividad, desarrollada en el Sal\u00f3n Foyer Marta Brunet del Teatro Municipal de Chill\u00e1n, donde participaron m\u00e1s de 50 personas, cont\u00f3 con la presencia de autoridades regionales como el Delegado Presidencial de \u00d1uble, Gabriel Pradenas; la directora del Servicio de Evaluaci\u00f3n Ambiental (SEA), Any Riveros; el jefe de la oficina regional de la Superintendencia del Medio Ambiente (SMA), Cristian Lineros; alcaldes, Seremis, representantes del Consejo Consultivo Regional del Medio Ambiente, establecimientos educacionales certificados ambientalmente, ejecutores del Fondo de Protecci\u00f3n Ambiental (FPA) y representantes de la sociedad civil.<\/p>\n<p style=\"text-align: justify;\">El Delegado Presidencial de \u00d1uble, Gabriel Pradenas, se\u00f1al\u00f3: \u201cLa instalaci\u00f3n de temas ambientales, principalmente liderados por la cartera, son muy relevantes para la regi\u00f3n, pensando que la distribuci\u00f3n geogr\u00e1fica genera condiciones diferentes, lo que hace muy importante la fiscalizaci\u00f3n y la impronta de implementaci\u00f3n de proyectos que sean amigables con el medio ambiente, sustentables que integren a distintas organizaciones educacionales y comunitarias. En este sentido, la cuenta que ha dado el Seremi del Medio Ambiente va en esa direcci\u00f3n y desde la Delegaci\u00f3n Presidencial vamos a seguir apoyando el fortalecimiento de la articulaci\u00f3n institucional y territorial de la regi\u00f3n de \u00d1uble\u201d.<\/p>\n<p style=\"text-align: justify;\">Por su parte, el seremi del Medio Ambiente de \u00d1uble, Mario Rivas, afirm\u00f3 que \u201cdesde nuestra cartera de Gobierno trabajamos en favor del bienestar de la poblaci\u00f3n regional, impulsando pol\u00edticas p\u00fablicas que nos ayuden a enfrentar y adaptarnos al cambio clim\u00e1tico desde las diversas \u00e1reas -como Recursos Naturales, Calidad de Aire, Econom\u00eda Circular, Participaci\u00f3n Ciudadana y Educaci\u00f3n Ambiental-, permitiendo ocupar los espacios p\u00fablicos en conjunto con organizaciones sociales y autoridades, que juegan un papel muy relevante para sumar a la regi\u00f3n a este desaf\u00edo nacional y global. En este sentido, informar a la comunidad sobre la gesti\u00f3n realizada es fundamental para fortalecer la participaci\u00f3n ciudadana y dar mayor transparencia a nuestras acciones, atendiendo a los lineamientos del Gobierno del presidente Gabriel Boric\u201d.<\/p>\n<p style=\"text-align: justify;\">Logros territoriales 2022<\/p>\n<p style=\"text-align: justify;\">Dentro de lo expuesto en la cuenta P\u00fablica, Rivas destac\u00f3 el trabajo de la Divisi\u00f3n de Cambio Clim\u00e1tico, que, \u201ca trav\u00e9s del financiamiento del Ministerio del Medio Ambiente, permitir\u00e1 contar con Plan de Acci\u00f3n Regional para el Cambio Clim\u00e1tico durante el 2023\u201d. En tanto, se recalc\u00f3 la instalaci\u00f3n de 429 calefactores a Pellet y 372 equipos de Aire acondicionado, bajo el Programa Recambio de Calefactores de Chill\u00e1n y Chill\u00e1n Viejo, logrando alcanzar, adem\u00e1s, una mejora hist\u00f3rica en la calidad de aire con solo 5 episodios cr\u00edticos.<\/p>\n<p style=\"text-align: justify;\">Asimismo, se mencion\u00f3 la declaratoria oficial de 4 humedales urbanos: Laguna Avenda\u00f1o, Humedal Itata, San Miguel y La Cascada, as\u00ed como el nuevo Santuario de la Naturaleza Humedal Desembocadura del Rio Itata, adem\u00e1s de la aprobaci\u00f3n del Plan de Recuperaci\u00f3n, Conservaci\u00f3n y Gesti\u00f3n de Huemul en los Nevados de Chill\u00e1n.<\/p>\n<p style=\"text-align: justify;\">En este sentido, la participaci\u00f3n ciudadana y educaci\u00f3n ambiental se considera crucial en el cuidado del medio ambiente y, durante el a\u00f1o 2022, 25 establecimientos educativos se certificaron ambientalmente a trav\u00e9s del Sistema Nacional de Certificaci\u00f3n Ambiental de Establecimientos Educacionales (SNCAE), 5 organizaciones sociales fueron beneficiadas para ejecutar proyectos a trav\u00e9s del Fondo de Protecci\u00f3n Ambiental (FPA) y 11 municipios obtuvieron certificaci\u00f3n a trav\u00e9s del Sistema de Certificaci\u00f3n Ambiental Municipal (SCAM).<\/p>\n<p style=\"text-align: justify;\">Todas estas acciones pavimentan los lineamientos para el a\u00f1o 2023, donde la protecci\u00f3n del medio ambiente a trav\u00e9s del cumplimiento de las normativas ambientales, ayudar\u00e1n a proteger la salud de la poblaci\u00f3n \u00f1ublensina.<\/p>\n","protected":false},"excerpt":{"rendered":"<p>\u00d1uble, mayo 2023: En el contexto de la Cuenta P\u00fablica de la gesti\u00f3n institucional 2022 de la Seremi del Medio Ambiente de \u00d1uble, el jefe de la cartera en la regi\u00f3n, Mario Rivas, realiz\u00f3&#46;&#46;&#46;<\/p>\n","protected":false},"author":2,"featured_media":28457,"comment_status":"closed","ping_status":"open","sticky":false,"template":"","format":"standard","meta":{"footnotes":""},"categories":[1],"tags":[904,1115,1678,8,6,117],"class_list":["post-28456","post","type-post","status-publish","format-standard","has-post-thumbnail","hentry","category-noticias","tag-medio-ambiente","tag-noticias","tag-nuble","tag-yungay","tag-yungayino","tag-yungayinocl"],"_links":{"self":[{"href":"https:\/\/www.yungayino.cl\/noticias\/index.php?rest_route=\/wp\/v2\/posts\/28456","targetHints":{"allow":["GET"]}}],"collection":[{"href":"https:\/\/www.yungayino.cl\/noticias\/index.php?rest_route=\/wp\/v2\/posts"}],"about":[{"href":"https:\/\/www.yungayino.cl\/noticias\/index.php?rest_route=\/wp\/v2\/types\/post"}],"author":[{"embeddable":true,"href":"https:\/\/www.yungayino.cl\/noticias\/index.php?rest_route=\/wp\/v2\/users\/2"}],"replies":[{"embeddable":true,"href":"https:\/\/www.yungayino.cl\/noticias\/index.php?rest_route=%2Fwp%2Fv2%2Fcomments&post=28456"}],"version-history":[{"count":2,"href":"https:\/\/www.yungayino.cl\/noticias\/index.php?rest_route=\/wp\/v2\/posts\/28456\/revisions"}],"predecessor-version":[{"id":28459,"href":"https:\/\/www.yungayino.cl\/noticias\/index.php?rest_route=\/wp\/v2\/posts\/28456\/revisions\/28459"}],"wp:featuredmedia":[{"embeddable":true,"href":"https:\/\/www.yungayino.cl\/noticias\/index.php?rest_route=\/wp\/v2\/media\/28457"}],"wp:attachment":[{"href":"https:\/\/www.yungayino.cl\/noticias\/index.php?rest_route=%2Fwp%2Fv2%2Fmedia&parent=28456"}],"wp:term":[{"taxonomy":"category","embeddable":true,"href":"https:\/\/www.yungayino.cl\/noticias\/index.php?rest_route=%2Fwp%2Fv2%2Fcategories&post=28456"},{"taxonomy":"post_tag","embeddable":true,"href":"https:\/\/www.yungayino.cl\/noticias\/index.php?rest_route=%2Fwp%2Fv2%2Ftags&post=28456"}],"curies":[{"name":"wp","href":"https:\/\/api.w.org\/{rel}","templated":true}]}}