{"id":28469,"date":"2023-05-26T07:00:18","date_gmt":"2023-05-26T11:00:18","guid":{"rendered":"http:\/\/www.yungayino.cl\/noticias\/?p=28469"},"modified":"2023-05-22T18:54:00","modified_gmt":"2023-05-22T22:54:00","slug":"primera-reunion-de-la-mesa-de-control-social","status":"publish","type":"post","link":"https:\/\/www.yungayino.cl\/noticias\/?p=28469","title":{"rendered":"Primera Reuni\u00f3n de la Mesa de Control Social"},"content":{"rendered":"<p><img loading=\"lazy\" decoding=\"async\" class=\"alignnone wp-image-28470 size-full\" src=\"http:\/\/www.yungayino.cl\/noticias\/wp-content\/uploads\/2023\/05\/reunion-mesa-control-social.jpg\" alt=\"\" width=\"700\" height=\"309\" srcset=\"https:\/\/www.yungayino.cl\/noticias\/wp-content\/uploads\/2023\/05\/reunion-mesa-control-social.jpg 700w, https:\/\/www.yungayino.cl\/noticias\/wp-content\/uploads\/2023\/05\/reunion-mesa-control-social-300x132.jpg 300w, https:\/\/www.yungayino.cl\/noticias\/wp-content\/uploads\/2023\/05\/reunion-mesa-control-social-340x150.jpg 340w\" sizes=\"auto, (max-width: 700px) 100vw, 700px\" \/><\/p>\n<p style=\"text-align: justify;\">Yungay, mayo 2023: Con el prop\u00f3sito de fortalecer la labor del Programa de Desarrollo Local (PRODESAL) en los sectores rurales, se llev\u00f3 a cabo la primera reuni\u00f3n de la mesa de control social en la comuna de Yungay. El objetivo de esta instancia es elaborar y fiscalizar los planes de trabajo anuales, as\u00ed como difundirlos entre los usuarios del PRODESAL.<\/p>\n<p style=\"text-align: justify;\">La mesa de control social est\u00e1 integrada por 17 representantes de diversos sectores, quienes tienen la responsabilidad de transmitir la informaci\u00f3n pertinente a los usuarios del programa. Esta labor se considera un valioso apoyo para fortalecer la asociatividad y mejorar la ejecuci\u00f3n de los planes de desarrollo en las zonas rurales.<\/p>\n<p style=\"text-align: justify;\">Durante la reuni\u00f3n, se abordaron diversos temas, entre los puntos destacados, se present\u00f3 el Plan de Articulaci\u00f3n Social (PAS) correspondiente a los a\u00f1os 2023 y 2024. La presentaci\u00f3n estuvo a cargo de Paulo Su\u00e1rez Zapata, coordinador del PRODESAL, quien detall\u00f3 el diagn\u00f3stico realizado y las medidas que se implementar\u00e1n durante el programa.<\/p>\n<p style=\"text-align: justify;\">Adem\u00e1s, se llev\u00f3 a cabo una charla informativa sobre la gripe aviar, la cual estuvo a cargo de John Luarte Concha, Jefe Pecuario de la Oficina Sectorial de Bulnes del Servicio Agr\u00edcola y Ganadero (SAG). En la instancia se acord\u00f3 coordinar acciones entre el PRODESAL-Yungay y el SAG-Bulnes para abordar la problem\u00e1tica de la gripe y establecer estrategias conjuntas de prevenci\u00f3n y control.<\/p>\n<p style=\"text-align: justify;\">La reuni\u00f3n del a\u00f1o 2023 de la mesa de control social del PRODESAL result\u00f3 en un espacio de intercambio de conocimientos y estrategias, promoviendo as\u00ed la colaboraci\u00f3n entre los representantes y las autoridades responsables del programa. Esta iniciativa demuestra el compromiso y la voluntad de trabajar en conjunto para potenciar el desarrollo agr\u00edcola y rural en la comuna de Yungay.<\/p>\n","protected":false},"excerpt":{"rendered":"<p>Yungay, mayo 2023: Con el prop\u00f3sito de fortalecer la labor del Programa de Desarrollo Local (PRODESAL) en los sectores rurales, se llev\u00f3 a cabo la primera reuni\u00f3n de la mesa de control social en&#46;&#46;&#46;<\/p>\n","protected":false},"author":2,"featured_media":28470,"comment_status":"closed","ping_status":"open","sticky":false,"template":"","format":"standard","meta":{"footnotes":""},"categories":[1],"tags":[1115,532,8,6,117],"class_list":["post-28469","post","type-post","status-publish","format-standard","has-post-thumbnail","hentry","category-noticias","tag-noticias","tag-prodesal","tag-yungay","tag-yungayino","tag-yungayinocl"],"_links":{"self":[{"href":"https:\/\/www.yungayino.cl\/noticias\/index.php?rest_route=\/wp\/v2\/posts\/28469","targetHints":{"allow":["GET"]}}],"collection":[{"href":"https:\/\/www.yungayino.cl\/noticias\/index.php?rest_route=\/wp\/v2\/posts"}],"about":[{"href":"https:\/\/www.yungayino.cl\/noticias\/index.php?rest_route=\/wp\/v2\/types\/post"}],"author":[{"embeddable":true,"href":"https:\/\/www.yungayino.cl\/noticias\/index.php?rest_route=\/wp\/v2\/users\/2"}],"replies":[{"embeddable":true,"href":"https:\/\/www.yungayino.cl\/noticias\/index.php?rest_route=%2Fwp%2Fv2%2Fcomments&post=28469"}],"version-history":[{"count":1,"href":"https:\/\/www.yungayino.cl\/noticias\/index.php?rest_route=\/wp\/v2\/posts\/28469\/revisions"}],"predecessor-version":[{"id":28471,"href":"https:\/\/www.yungayino.cl\/noticias\/index.php?rest_route=\/wp\/v2\/posts\/28469\/revisions\/28471"}],"wp:featuredmedia":[{"embeddable":true,"href":"https:\/\/www.yungayino.cl\/noticias\/index.php?rest_route=\/wp\/v2\/media\/28470"}],"wp:attachment":[{"href":"https:\/\/www.yungayino.cl\/noticias\/index.php?rest_route=%2Fwp%2Fv2%2Fmedia&parent=28469"}],"wp:term":[{"taxonomy":"category","embeddable":true,"href":"https:\/\/www.yungayino.cl\/noticias\/index.php?rest_route=%2Fwp%2Fv2%2Fcategories&post=28469"},{"taxonomy":"post_tag","embeddable":true,"href":"https:\/\/www.yungayino.cl\/noticias\/index.php?rest_route=%2Fwp%2Fv2%2Ftags&post=28469"}],"curies":[{"name":"wp","href":"https:\/\/api.w.org\/{rel}","templated":true}]}}