{"id":28487,"date":"2023-05-27T10:00:46","date_gmt":"2023-05-27T14:00:46","guid":{"rendered":"http:\/\/www.yungayino.cl\/noticias\/?p=28487"},"modified":"2023-05-27T18:42:43","modified_gmt":"2023-05-27T22:42:43","slug":"exposicion-fotografica-en-el-dia-del-patrimonio-cultural","status":"publish","type":"post","link":"https:\/\/www.yungayino.cl\/noticias\/?p=28487","title":{"rendered":"Exposici\u00f3n Fotogr\u00e1fica en el D\u00eda del Patrimonio Cultural"},"content":{"rendered":"<p><img loading=\"lazy\" decoding=\"async\" class=\"alignnone wp-image-28488 size-full\" src=\"http:\/\/www.yungayino.cl\/noticias\/wp-content\/uploads\/2023\/05\/26-mayo-exposicion-yungay-de-ayer.png\" alt=\"\" width=\"700\" height=\"706\" srcset=\"https:\/\/www.yungayino.cl\/noticias\/wp-content\/uploads\/2023\/05\/26-mayo-exposicion-yungay-de-ayer.png 700w, https:\/\/www.yungayino.cl\/noticias\/wp-content\/uploads\/2023\/05\/26-mayo-exposicion-yungay-de-ayer-297x300.png 297w, https:\/\/www.yungayino.cl\/noticias\/wp-content\/uploads\/2023\/05\/26-mayo-exposicion-yungay-de-ayer-150x150.png 150w, https:\/\/www.yungayino.cl\/noticias\/wp-content\/uploads\/2023\/05\/26-mayo-exposicion-yungay-de-ayer-149x150.png 149w, https:\/\/www.yungayino.cl\/noticias\/wp-content\/uploads\/2023\/05\/26-mayo-exposicion-yungay-de-ayer-80x80.png 80w\" sizes=\"auto, (max-width: 700px) 100vw, 700px\" \/><\/p>\n<p style=\"text-align: justify;\">Yungay, mayo 2023: En el d\u00eda del Patrimonio Cultural, te invitamos a visitar la exposici\u00f3n fotogr\u00e1fica titulada \u00abYungay de Ayer\u00bb, la cual nos transportar\u00e1 a trav\u00e9s del tiempo para conocer y valorar nuestra historia, nuestras ra\u00edces y nuestra identidad cultural.<\/p>\n<p style=\"text-align: justify;\">La exposici\u00f3n \u00abYungay de Ayer\u00bb es un recorrido visual por el pasado de nuestra amada comuna, capturado a trav\u00e9s del lente del reconocido profesor Jos\u00e9 Caama\u00f1o Quiroz. Sus fotograf\u00edas nos muestran a los yungayinos de anta\u00f1o, sus rostros, sus sonrisas y sus historias que, a su vez, reflejan la riqueza y la diversidad de nuestra comunidad.<\/p>\n<p style=\"text-align: justify;\">La exposici\u00f3n estar\u00e1 abierta al p\u00fablico durante el D\u00eda del Patrimonio Cultural, el pr\u00f3ximo 28 de mayo en la sala de exposiciones de la Biblioteca P\u00fablica.<\/p>\n","protected":false},"excerpt":{"rendered":"<p>Yungay, mayo 2023: En el d\u00eda del Patrimonio Cultural, te invitamos a visitar la exposici\u00f3n fotogr\u00e1fica titulada \u00abYungay de Ayer\u00bb, la cual nos transportar\u00e1 a trav\u00e9s del tiempo para conocer y valorar nuestra historia,&#46;&#46;&#46;<\/p>\n","protected":false},"author":2,"featured_media":28488,"comment_status":"closed","ping_status":"open","sticky":false,"template":"","format":"standard","meta":{"footnotes":""},"categories":[1],"tags":[2825,1115,8,6,117],"class_list":["post-28487","post","type-post","status-publish","format-standard","has-post-thumbnail","hentry","category-noticias","tag-dia-del-patrimonio-cultural","tag-noticias","tag-yungay","tag-yungayino","tag-yungayinocl"],"_links":{"self":[{"href":"https:\/\/www.yungayino.cl\/noticias\/index.php?rest_route=\/wp\/v2\/posts\/28487","targetHints":{"allow":["GET"]}}],"collection":[{"href":"https:\/\/www.yungayino.cl\/noticias\/index.php?rest_route=\/wp\/v2\/posts"}],"about":[{"href":"https:\/\/www.yungayino.cl\/noticias\/index.php?rest_route=\/wp\/v2\/types\/post"}],"author":[{"embeddable":true,"href":"https:\/\/www.yungayino.cl\/noticias\/index.php?rest_route=\/wp\/v2\/users\/2"}],"replies":[{"embeddable":true,"href":"https:\/\/www.yungayino.cl\/noticias\/index.php?rest_route=%2Fwp%2Fv2%2Fcomments&post=28487"}],"version-history":[{"count":1,"href":"https:\/\/www.yungayino.cl\/noticias\/index.php?rest_route=\/wp\/v2\/posts\/28487\/revisions"}],"predecessor-version":[{"id":28489,"href":"https:\/\/www.yungayino.cl\/noticias\/index.php?rest_route=\/wp\/v2\/posts\/28487\/revisions\/28489"}],"wp:featuredmedia":[{"embeddable":true,"href":"https:\/\/www.yungayino.cl\/noticias\/index.php?rest_route=\/wp\/v2\/media\/28488"}],"wp:attachment":[{"href":"https:\/\/www.yungayino.cl\/noticias\/index.php?rest_route=%2Fwp%2Fv2%2Fmedia&parent=28487"}],"wp:term":[{"taxonomy":"category","embeddable":true,"href":"https:\/\/www.yungayino.cl\/noticias\/index.php?rest_route=%2Fwp%2Fv2%2Fcategories&post=28487"},{"taxonomy":"post_tag","embeddable":true,"href":"https:\/\/www.yungayino.cl\/noticias\/index.php?rest_route=%2Fwp%2Fv2%2Ftags&post=28487"}],"curies":[{"name":"wp","href":"https:\/\/api.w.org\/{rel}","templated":true}]}}