{"id":28490,"date":"2023-06-11T07:00:04","date_gmt":"2023-06-11T11:00:04","guid":{"rendered":"http:\/\/www.yungayino.cl\/noticias\/?p=28490"},"modified":"2023-06-05T20:25:47","modified_gmt":"2023-06-06T00:25:47","slug":"proximas-fechas-en-yungay-de-operativos-del-plan-nacional-de-esterilizacion","status":"publish","type":"post","link":"https:\/\/www.yungayino.cl\/noticias\/?p=28490","title":{"rendered":"Pr\u00f3ximas Fechas en Yungay de Operativos del Plan Nacional de Esterilizaci\u00f3n"},"content":{"rendered":"<p style=\"text-align: justify;\"><img loading=\"lazy\" decoding=\"async\" class=\"alignnone wp-image-28556 size-full\" src=\"http:\/\/www.yungayino.cl\/noticias\/wp-content\/uploads\/2023\/06\/26-mayo-esterilizacion-2-e1686010861182.png\" alt=\"\" width=\"700\" height=\"700\" srcset=\"https:\/\/www.yungayino.cl\/noticias\/wp-content\/uploads\/2023\/06\/26-mayo-esterilizacion-2-e1686010861182.png 700w, https:\/\/www.yungayino.cl\/noticias\/wp-content\/uploads\/2023\/06\/26-mayo-esterilizacion-2-e1686010861182-300x300.png 300w, https:\/\/www.yungayino.cl\/noticias\/wp-content\/uploads\/2023\/06\/26-mayo-esterilizacion-2-e1686010861182-150x150.png 150w, https:\/\/www.yungayino.cl\/noticias\/wp-content\/uploads\/2023\/06\/26-mayo-esterilizacion-2-e1686010861182-80x80.png 80w, https:\/\/www.yungayino.cl\/noticias\/wp-content\/uploads\/2023\/06\/26-mayo-esterilizacion-2-e1686010861182-320x320.png 320w\" sizes=\"auto, (max-width: 700px) 100vw, 700px\" \/><\/p>\n<p style=\"text-align: justify;\">Yungay, junio 2023: Las fechas de los pr\u00f3ximos operativos del Plan Nacional de Esterilizaciones de Responsabilidad Compartida, programa financiado por la Subsecretar\u00eda de Desarrollo Regional.<\/p>\n<p style=\"text-align: justify;\">Si a\u00fan no ha realizado la inscripci\u00f3n, comun\u00edquese con el dirigente de su sector para asegurar su participaci\u00f3n.<\/p>\n<p>&nbsp;<\/p>\n<p style=\"text-align: justify;\"><strong>Las fechas y lugares de los operativos para el mes de junio son los siguientes:<\/strong><\/p>\n<p style=\"text-align: justify;\">9 de junio: Sector San Miguel Itata<\/p>\n<p style=\"text-align: justify;\">14 de junio: Sector Santa Luc\u00eda Alto<\/p>\n<p style=\"text-align: justify;\">15 de junio: Sector Pangal del Laja<\/p>\n<p style=\"text-align: justify;\">16 de junio: Poblaci\u00f3n 12 de Octubre (Campanario)<\/p>\n<p style=\"text-align: justify;\">29 de junio: Sector Barrio Alto (Yungay Urbano)<\/p>\n<p style=\"text-align: justify;\">30 de junio: Sector Santa Luc\u00eda Bajo<\/p>\n<p>&nbsp;<\/p>\n<p style=\"text-align: justify;\"><strong>Las Fechas y lugares de los operativos para el mes de julio son los siguientes:<\/strong><\/p>\n<p style=\"text-align: justify;\">5 de julio: Sector Los Nogales<\/p>\n<p style=\"text-align: justify;\">6 de julio: Poblaci\u00f3n Juan Pablo II<\/p>\n<p style=\"text-align: justify;\">7 de julio: Sector El Roble-La Palma<\/p>\n<p style=\"text-align: justify;\">19 de julio: Sector Ranchillo<\/p>\n<p style=\"text-align: justify;\">20 de julio: Poblaci\u00f3n 27 de febrero<\/p>\n<p style=\"text-align: justify;\">21 de julio: Sector Baquedano<\/p>\n","protected":false},"excerpt":{"rendered":"<p>Yungay, junio 2023: Las fechas de los pr\u00f3ximos operativos del Plan Nacional de Esterilizaciones de Responsabilidad Compartida, programa financiado por la Subsecretar\u00eda de Desarrollo Regional. Si a\u00fan no ha realizado la inscripci\u00f3n, comun\u00edquese con&#46;&#46;&#46;<\/p>\n","protected":false},"author":2,"featured_media":28556,"comment_status":"closed","ping_status":"open","sticky":false,"template":"","format":"standard","meta":{"footnotes":""},"categories":[1,32],"tags":[63,2820,1115,8,6,117],"class_list":["post-28490","post","type-post","status-publish","format-standard","has-post-thumbnail","hentry","category-noticias","category-servicios","tag-esterilizacion","tag-mascotas","tag-noticias","tag-yungay","tag-yungayino","tag-yungayinocl"],"_links":{"self":[{"href":"https:\/\/www.yungayino.cl\/noticias\/index.php?rest_route=\/wp\/v2\/posts\/28490","targetHints":{"allow":["GET"]}}],"collection":[{"href":"https:\/\/www.yungayino.cl\/noticias\/index.php?rest_route=\/wp\/v2\/posts"}],"about":[{"href":"https:\/\/www.yungayino.cl\/noticias\/index.php?rest_route=\/wp\/v2\/types\/post"}],"author":[{"embeddable":true,"href":"https:\/\/www.yungayino.cl\/noticias\/index.php?rest_route=\/wp\/v2\/users\/2"}],"replies":[{"embeddable":true,"href":"https:\/\/www.yungayino.cl\/noticias\/index.php?rest_route=%2Fwp%2Fv2%2Fcomments&post=28490"}],"version-history":[{"count":5,"href":"https:\/\/www.yungayino.cl\/noticias\/index.php?rest_route=\/wp\/v2\/posts\/28490\/revisions"}],"predecessor-version":[{"id":28557,"href":"https:\/\/www.yungayino.cl\/noticias\/index.php?rest_route=\/wp\/v2\/posts\/28490\/revisions\/28557"}],"wp:featuredmedia":[{"embeddable":true,"href":"https:\/\/www.yungayino.cl\/noticias\/index.php?rest_route=\/wp\/v2\/media\/28556"}],"wp:attachment":[{"href":"https:\/\/www.yungayino.cl\/noticias\/index.php?rest_route=%2Fwp%2Fv2%2Fmedia&parent=28490"}],"wp:term":[{"taxonomy":"category","embeddable":true,"href":"https:\/\/www.yungayino.cl\/noticias\/index.php?rest_route=%2Fwp%2Fv2%2Fcategories&post=28490"},{"taxonomy":"post_tag","embeddable":true,"href":"https:\/\/www.yungayino.cl\/noticias\/index.php?rest_route=%2Fwp%2Fv2%2Ftags&post=28490"}],"curies":[{"name":"wp","href":"https:\/\/api.w.org\/{rel}","templated":true}]}}