{"id":28493,"date":"2023-05-28T07:00:54","date_gmt":"2023-05-28T11:00:54","guid":{"rendered":"http:\/\/www.yungayino.cl\/noticias\/?p=28493"},"modified":"2023-05-27T18:47:25","modified_gmt":"2023-05-27T22:47:25","slug":"taller-ciudadano-para-la-actualizacion-de-la-estrategia-regional-de-desarrollo-de-nuble-en-yungay","status":"publish","type":"post","link":"https:\/\/www.yungayino.cl\/noticias\/?p=28493","title":{"rendered":"Taller Ciudadano Para la Actualizaci\u00f3n de la Estrategia Regional de Desarrollo de \u00d1uble en Yungay"},"content":{"rendered":"<p><img loading=\"lazy\" decoding=\"async\" class=\"alignnone wp-image-28494 size-full\" src=\"http:\/\/www.yungayino.cl\/noticias\/wp-content\/uploads\/2023\/05\/26-mayo-participar.jpg\" alt=\"\" width=\"700\" height=\"693\" srcset=\"https:\/\/www.yungayino.cl\/noticias\/wp-content\/uploads\/2023\/05\/26-mayo-participar.jpg 700w, https:\/\/www.yungayino.cl\/noticias\/wp-content\/uploads\/2023\/05\/26-mayo-participar-300x297.jpg 300w, https:\/\/www.yungayino.cl\/noticias\/wp-content\/uploads\/2023\/05\/26-mayo-participar-150x150.jpg 150w, https:\/\/www.yungayino.cl\/noticias\/wp-content\/uploads\/2023\/05\/26-mayo-participar-152x150.jpg 152w, https:\/\/www.yungayino.cl\/noticias\/wp-content\/uploads\/2023\/05\/26-mayo-participar-80x80.jpg 80w\" sizes=\"auto, (max-width: 700px) 100vw, 700px\" \/><\/p>\n<p style=\"text-align: justify;\">Yungay, mayo 2023: El gobernador regional, \u00d3scar Cris\u00f3stomo Llanos, invita a los vecinos y vecinas de Yungay a participar en la construcci\u00f3n del futuro de nuestra regi\u00f3n y nuestra comuna a trav\u00e9s del Taller Ciudadano para la Actualizaci\u00f3n de la Estrategia Regional de \u00d1uble, en el marco del proyecto de fondo de innovaci\u00f3n para la competitividad \u00abAjuste y Seguimiento de la Estrategia Regional de Desarrollo de \u00d1uble\u00bb.<\/p>\n<p style=\"text-align: justify;\">El objetivo de este taller es escuchar las inquietudes, ideas y propuestas de los yungayinos sobre c\u00f3mo desean que sea nuestra regi\u00f3n. Conocer las visiones y expectativas, as\u00ed como los aspectos que se consideran prioritarios para el desarrollo y progreso de \u00d1uble y nuestra querida comuna de Yungay.<\/p>\n<p style=\"text-align: justify;\">No pierdas la oportunidad de ser parte de este importante proceso de transformaci\u00f3n. Tu participaci\u00f3n es valiosa y contribuir\u00e1 a moldear el futuro de nuestra regi\u00f3n.<\/p>\n<p style=\"text-align: justify;\">Para participar INSCR\u00cdBETE enviando un correo con tus datos a <strong>consultaciudadana@yungay.cl<\/strong><\/p>\n","protected":false},"excerpt":{"rendered":"<p>Yungay, mayo 2023: El gobernador regional, \u00d3scar Cris\u00f3stomo Llanos, invita a los vecinos y vecinas de Yungay a participar en la construcci\u00f3n del futuro de nuestra regi\u00f3n y nuestra comuna a trav\u00e9s del Taller&#46;&#46;&#46;<\/p>\n","protected":false},"author":2,"featured_media":28494,"comment_status":"closed","ping_status":"open","sticky":false,"template":"","format":"standard","meta":{"footnotes":""},"categories":[1],"tags":[1115,1678,8,6,117],"class_list":["post-28493","post","type-post","status-publish","format-standard","has-post-thumbnail","hentry","category-noticias","tag-noticias","tag-nuble","tag-yungay","tag-yungayino","tag-yungayinocl"],"_links":{"self":[{"href":"https:\/\/www.yungayino.cl\/noticias\/index.php?rest_route=\/wp\/v2\/posts\/28493","targetHints":{"allow":["GET"]}}],"collection":[{"href":"https:\/\/www.yungayino.cl\/noticias\/index.php?rest_route=\/wp\/v2\/posts"}],"about":[{"href":"https:\/\/www.yungayino.cl\/noticias\/index.php?rest_route=\/wp\/v2\/types\/post"}],"author":[{"embeddable":true,"href":"https:\/\/www.yungayino.cl\/noticias\/index.php?rest_route=\/wp\/v2\/users\/2"}],"replies":[{"embeddable":true,"href":"https:\/\/www.yungayino.cl\/noticias\/index.php?rest_route=%2Fwp%2Fv2%2Fcomments&post=28493"}],"version-history":[{"count":1,"href":"https:\/\/www.yungayino.cl\/noticias\/index.php?rest_route=\/wp\/v2\/posts\/28493\/revisions"}],"predecessor-version":[{"id":28495,"href":"https:\/\/www.yungayino.cl\/noticias\/index.php?rest_route=\/wp\/v2\/posts\/28493\/revisions\/28495"}],"wp:featuredmedia":[{"embeddable":true,"href":"https:\/\/www.yungayino.cl\/noticias\/index.php?rest_route=\/wp\/v2\/media\/28494"}],"wp:attachment":[{"href":"https:\/\/www.yungayino.cl\/noticias\/index.php?rest_route=%2Fwp%2Fv2%2Fmedia&parent=28493"}],"wp:term":[{"taxonomy":"category","embeddable":true,"href":"https:\/\/www.yungayino.cl\/noticias\/index.php?rest_route=%2Fwp%2Fv2%2Fcategories&post=28493"},{"taxonomy":"post_tag","embeddable":true,"href":"https:\/\/www.yungayino.cl\/noticias\/index.php?rest_route=%2Fwp%2Fv2%2Ftags&post=28493"}],"curies":[{"name":"wp","href":"https:\/\/api.w.org\/{rel}","templated":true}]}}