{"id":28500,"date":"2023-05-26T08:00:11","date_gmt":"2023-05-26T12:00:11","guid":{"rendered":"http:\/\/www.yungayino.cl\/noticias\/?p=28500"},"modified":"2023-05-27T18:54:30","modified_gmt":"2023-05-27T22:54:30","slug":"alcalde-rafael-cifuentes-rodriguez-se-reunio-con-director-regional-de-conaf","status":"publish","type":"post","link":"https:\/\/www.yungayino.cl\/noticias\/?p=28500","title":{"rendered":"Alcalde Rafael Cifuentes Rodr\u00edguez se Reuni\u00f3 con Director Regional de CONAF"},"content":{"rendered":"<p><img loading=\"lazy\" decoding=\"async\" class=\"alignnone wp-image-28502 size-full\" src=\"http:\/\/www.yungayino.cl\/noticias\/wp-content\/uploads\/2023\/05\/26-mayo-empleo.jpg\" alt=\"\" width=\"700\" height=\"467\" srcset=\"https:\/\/www.yungayino.cl\/noticias\/wp-content\/uploads\/2023\/05\/26-mayo-empleo.jpg 700w, https:\/\/www.yungayino.cl\/noticias\/wp-content\/uploads\/2023\/05\/26-mayo-empleo-300x200.jpg 300w, https:\/\/www.yungayino.cl\/noticias\/wp-content\/uploads\/2023\/05\/26-mayo-empleo-225x150.jpg 225w\" sizes=\"auto, (max-width: 700px) 100vw, 700px\" \/><\/p>\n<p style=\"text-align: justify;\">Yungay, mayo 2023: El Rafael Cifuentes Rodr\u00edguez, sostuvo una reuni\u00f3n estrat\u00e9gica con el director regional de la Corporaci\u00f3n Nacional Forestal (CONAF), Juan Salvador Ram\u00edrez, con el objetivo de coordinar y planificar la implementaci\u00f3n del programa de emergencia de empleo en la comuna. Esta iniciativa tiene como prop\u00f3sito fundamental impulsar la rehabilitaci\u00f3n econ\u00f3mica y productiva, as\u00ed como contribuir a la recuperaci\u00f3n de las \u00e1reas afectadas por los incendios forestales.<\/p>\n<p style=\"text-align: justify;\">El Programa de Emergencia de Empleo de CONAF, permitir\u00e1 contratar a cinco personas de Yungay para rehabilitaci\u00f3n de las zonas da\u00f1adas por los incendios forestales, el reacondicionamiento de \u00e1reas propensas a incendios y otras labores de prevenci\u00f3n relacionadas. La coordinaci\u00f3n del programa lo realizar\u00e1 la Direcci\u00f3n de Desarrollo Econ\u00f3mico Local (DIDEL), a trav\u00e9s de sus oficinas de Desarrollo Forestal y OMIL.<\/p>\n<p style=\"text-align: justify;\">El encuentro entre el alcalde Rafael Cifuentes y el director regional de CONAF, Juan Salvador Ram\u00edrez, fue un espacio propicio para establecer una hoja de ruta y definir las acciones necesarias para el \u00e9xito de este programa. Ambas autoridades expresaron su compromiso con la comunidad y resaltaron la importancia de trabajar en conjunto para impulsar la recuperaci\u00f3n econ\u00f3mica y productiva de Yungay.<\/p>\n<p style=\"text-align: justify;\">El alcalde destac\u00f3 la relevancia de esta iniciativa para generar empleo y brindar apoyo a las familias afectadas por los incendios forestales. Asimismo, resalt\u00f3 la importancia de rehabilitar las \u00e1reas afectadas, promoviendo la conservaci\u00f3n y prevenci\u00f3n de futuros siniestros.<\/p>\n<p style=\"text-align: justify;\">Para obtener m\u00e1s informaci\u00f3n sobre los empleos, puedes acudir hasta OMIL de Yungay.<\/p>\n","protected":false},"excerpt":{"rendered":"<p>Yungay, mayo 2023: El Rafael Cifuentes Rodr\u00edguez, sostuvo una reuni\u00f3n estrat\u00e9gica con el director regional de la Corporaci\u00f3n Nacional Forestal (CONAF), Juan Salvador Ram\u00edrez, con el objetivo de coordinar y planificar la implementaci\u00f3n del&#46;&#46;&#46;<\/p>\n","protected":false},"author":2,"featured_media":28502,"comment_status":"closed","ping_status":"open","sticky":false,"template":"","format":"standard","meta":{"footnotes":""},"categories":[1],"tags":[192,1115,8,6,117],"class_list":["post-28500","post","type-post","status-publish","format-standard","has-post-thumbnail","hentry","category-noticias","tag-conaf","tag-noticias","tag-yungay","tag-yungayino","tag-yungayinocl"],"_links":{"self":[{"href":"https:\/\/www.yungayino.cl\/noticias\/index.php?rest_route=\/wp\/v2\/posts\/28500","targetHints":{"allow":["GET"]}}],"collection":[{"href":"https:\/\/www.yungayino.cl\/noticias\/index.php?rest_route=\/wp\/v2\/posts"}],"about":[{"href":"https:\/\/www.yungayino.cl\/noticias\/index.php?rest_route=\/wp\/v2\/types\/post"}],"author":[{"embeddable":true,"href":"https:\/\/www.yungayino.cl\/noticias\/index.php?rest_route=\/wp\/v2\/users\/2"}],"replies":[{"embeddable":true,"href":"https:\/\/www.yungayino.cl\/noticias\/index.php?rest_route=%2Fwp%2Fv2%2Fcomments&post=28500"}],"version-history":[{"count":1,"href":"https:\/\/www.yungayino.cl\/noticias\/index.php?rest_route=\/wp\/v2\/posts\/28500\/revisions"}],"predecessor-version":[{"id":28503,"href":"https:\/\/www.yungayino.cl\/noticias\/index.php?rest_route=\/wp\/v2\/posts\/28500\/revisions\/28503"}],"wp:featuredmedia":[{"embeddable":true,"href":"https:\/\/www.yungayino.cl\/noticias\/index.php?rest_route=\/wp\/v2\/media\/28502"}],"wp:attachment":[{"href":"https:\/\/www.yungayino.cl\/noticias\/index.php?rest_route=%2Fwp%2Fv2%2Fmedia&parent=28500"}],"wp:term":[{"taxonomy":"category","embeddable":true,"href":"https:\/\/www.yungayino.cl\/noticias\/index.php?rest_route=%2Fwp%2Fv2%2Fcategories&post=28500"},{"taxonomy":"post_tag","embeddable":true,"href":"https:\/\/www.yungayino.cl\/noticias\/index.php?rest_route=%2Fwp%2Fv2%2Ftags&post=28500"}],"curies":[{"name":"wp","href":"https:\/\/api.w.org\/{rel}","templated":true}]}}