{"id":28516,"date":"2023-05-31T07:00:19","date_gmt":"2023-05-31T11:00:19","guid":{"rendered":"http:\/\/www.yungayino.cl\/noticias\/?p=28516"},"modified":"2023-05-27T19:21:36","modified_gmt":"2023-05-27T23:21:36","slug":"inicia-la-cuarta-version-de-la-campana-de-calefaccion-sustentable-en-yungay","status":"publish","type":"post","link":"https:\/\/www.yungayino.cl\/noticias\/?p=28516","title":{"rendered":"Inicia la Cuarta Versi\u00f3n de la Campa\u00f1a de Calefacci\u00f3n Sustentable en Yungay"},"content":{"rendered":"<p><img loading=\"lazy\" decoding=\"async\" class=\"alignnone wp-image-28517 size-full\" src=\"http:\/\/www.yungayino.cl\/noticias\/wp-content\/uploads\/2023\/05\/27-mayo-calefaccion.jpg\" alt=\"\" width=\"700\" height=\"350\" srcset=\"https:\/\/www.yungayino.cl\/noticias\/wp-content\/uploads\/2023\/05\/27-mayo-calefaccion.jpg 700w, https:\/\/www.yungayino.cl\/noticias\/wp-content\/uploads\/2023\/05\/27-mayo-calefaccion-300x150.jpg 300w\" sizes=\"auto, (max-width: 700px) 100vw, 700px\" \/><\/p>\n<p style=\"text-align: justify;\">Yungay, mayo 2023: El seremi de Medio Ambiente, Mario Rivas, hizo entrega de una estaci\u00f3n de monitoreo de calidad del aire al alcalde de Yungay, Rafael Cifuentes Rodr\u00edguez, en el marco del proyecto piloto de monitoreo ambiental.<\/p>\n<p style=\"text-align: justify;\">Este importante acontecimiento forma parte del proyecto piloto de monitoreo de Calidad de Aire, en el cual Yungay es una de las 5 comunas participantes.<\/p>\n<p style=\"text-align: justify;\">La estaci\u00f3n de monitoreo representa un servicio de informaci\u00f3n innovador que permitir\u00e1 realizar un monitoreo ambiental inteligente de material particulado y ruido en el \u00e1rea urbana. El objetivo principal de su incorporaci\u00f3n es capturar informaci\u00f3n precisa sobre los niveles ambientales, en particular el monitoreo del aire para la detecci\u00f3n de material particulado MP2,5 y MP10, que son de relevancia para el municipio y ser\u00e1n fundamentales para la toma de decisiones en materia ambiental, as\u00ed como para promover el bienestar urbano.<\/p>\n<p style=\"text-align: justify;\">Entre las aplicaciones de la informaci\u00f3n que proporcionar\u00e1 la estaci\u00f3n de monitoreo del aire, se encuentran el monitoreo de la calidad del aire urbano, la caracterizaci\u00f3n de fuentes puntuales de contaminaci\u00f3n, la educaci\u00f3n e informaci\u00f3n comunitaria, la generaci\u00f3n de alertas.<\/p>\n<p style=\"text-align: justify;\">El Seremi de Medio Ambiente, Sr. Mario Rivas, destac\u00f3 la importancia de esta entrega y resalt\u00f3 el compromiso del municipio de Yungay en la promoci\u00f3n de una calefacci\u00f3n sustentable y la protecci\u00f3n del medio ambiente. Asimismo, felicit\u00f3 a la comunidad por su participaci\u00f3n activa en el proyecto piloto de monitoreo ambiental, destacando el papel fundamental que desempe\u00f1an en la generaci\u00f3n de datos e informaci\u00f3n relevante para la toma de decisiones informadas.<\/p>\n<p style=\"text-align: justify;\">Por su parte, el alcalde de Yungay expres\u00f3 su agradecimiento por la entrega de la estaci\u00f3n de monitoreo y reafirm\u00f3 el compromiso de la municipalidad en seguir trabajando en iniciativas que promuevan una mejor calidad de vida para sus habitantes y contribuyan a la protecci\u00f3n del medio ambiente.<\/p>\n<p style=\"text-align: justify;\">La incorporaci\u00f3n de esta estaci\u00f3n de monitoreo de calidad del aire en Yungay marca un importante avance en el camino hacia una gesti\u00f3n ambiental m\u00e1s efectiva y sostenible. Con esta herramienta, el municipio podr\u00e1 contar con informaci\u00f3n precisa y actualizada para tomar decisiones informadas y promover pr\u00e1cticas que contribuyan al cuidado del entorno y al bienestar de la comunidad.<\/p>\n<p style=\"text-align: justify;\">Gesti\u00f3n de la Oficina de Asuntos Ambientales de la Direcci\u00f3n de Desarrollo Local (DIDEL) del municipio.<\/p>\n","protected":false},"excerpt":{"rendered":"<p>Yungay, mayo 2023: El seremi de Medio Ambiente, Mario Rivas, hizo entrega de una estaci\u00f3n de monitoreo de calidad del aire al alcalde de Yungay, Rafael Cifuentes Rodr\u00edguez, en el marco del proyecto piloto&#46;&#46;&#46;<\/p>\n","protected":false},"author":2,"featured_media":28517,"comment_status":"closed","ping_status":"open","sticky":false,"template":"","format":"standard","meta":{"footnotes":""},"categories":[1],"tags":[2828,904,1115,8,6,117],"class_list":["post-28516","post","type-post","status-publish","format-standard","has-post-thumbnail","hentry","category-noticias","tag-calidad-del-aire","tag-medio-ambiente","tag-noticias","tag-yungay","tag-yungayino","tag-yungayinocl"],"_links":{"self":[{"href":"https:\/\/www.yungayino.cl\/noticias\/index.php?rest_route=\/wp\/v2\/posts\/28516","targetHints":{"allow":["GET"]}}],"collection":[{"href":"https:\/\/www.yungayino.cl\/noticias\/index.php?rest_route=\/wp\/v2\/posts"}],"about":[{"href":"https:\/\/www.yungayino.cl\/noticias\/index.php?rest_route=\/wp\/v2\/types\/post"}],"author":[{"embeddable":true,"href":"https:\/\/www.yungayino.cl\/noticias\/index.php?rest_route=\/wp\/v2\/users\/2"}],"replies":[{"embeddable":true,"href":"https:\/\/www.yungayino.cl\/noticias\/index.php?rest_route=%2Fwp%2Fv2%2Fcomments&post=28516"}],"version-history":[{"count":2,"href":"https:\/\/www.yungayino.cl\/noticias\/index.php?rest_route=\/wp\/v2\/posts\/28516\/revisions"}],"predecessor-version":[{"id":28519,"href":"https:\/\/www.yungayino.cl\/noticias\/index.php?rest_route=\/wp\/v2\/posts\/28516\/revisions\/28519"}],"wp:featuredmedia":[{"embeddable":true,"href":"https:\/\/www.yungayino.cl\/noticias\/index.php?rest_route=\/wp\/v2\/media\/28517"}],"wp:attachment":[{"href":"https:\/\/www.yungayino.cl\/noticias\/index.php?rest_route=%2Fwp%2Fv2%2Fmedia&parent=28516"}],"wp:term":[{"taxonomy":"category","embeddable":true,"href":"https:\/\/www.yungayino.cl\/noticias\/index.php?rest_route=%2Fwp%2Fv2%2Fcategories&post=28516"},{"taxonomy":"post_tag","embeddable":true,"href":"https:\/\/www.yungayino.cl\/noticias\/index.php?rest_route=%2Fwp%2Fv2%2Ftags&post=28516"}],"curies":[{"name":"wp","href":"https:\/\/api.w.org\/{rel}","templated":true}]}}