{"id":28534,"date":"2023-06-05T18:50:41","date_gmt":"2023-06-05T22:50:41","guid":{"rendered":"http:\/\/www.yungayino.cl\/noticias\/?p=28534"},"modified":"2023-06-05T18:50:41","modified_gmt":"2023-06-05T22:50:41","slug":"remate-municipal-de-vehiculos-se-realizaran-en-yungay","status":"publish","type":"post","link":"https:\/\/www.yungayino.cl\/noticias\/?p=28534","title":{"rendered":"Remate Municipal de Veh\u00edculos se Realizar\u00e1n en Yungay"},"content":{"rendered":"<p><img loading=\"lazy\" decoding=\"async\" class=\"alignnone wp-image-28535 size-full\" src=\"http:\/\/www.yungayino.cl\/noticias\/wp-content\/uploads\/2023\/06\/8-junio-remate-2.png\" alt=\"\" width=\"700\" height=\"700\" srcset=\"https:\/\/www.yungayino.cl\/noticias\/wp-content\/uploads\/2023\/06\/8-junio-remate-2.png 700w, https:\/\/www.yungayino.cl\/noticias\/wp-content\/uploads\/2023\/06\/8-junio-remate-2-300x300.png 300w, https:\/\/www.yungayino.cl\/noticias\/wp-content\/uploads\/2023\/06\/8-junio-remate-2-150x150.png 150w, https:\/\/www.yungayino.cl\/noticias\/wp-content\/uploads\/2023\/06\/8-junio-remate-2-80x80.png 80w, https:\/\/www.yungayino.cl\/noticias\/wp-content\/uploads\/2023\/06\/8-junio-remate-2-320x320.png 320w\" sizes=\"auto, (max-width: 700px) 100vw, 700px\" \/><\/p>\n<p>&nbsp;<\/p>\n<p style=\"text-align: justify;\">Yungay, junio 2023: El S\u00e1bado 10 de junio se llevar\u00e1 a cabo un remate de veh\u00edculos de propiedad municipal que han sido dados de baja, seg\u00fan lo establecido en el decreto alcaldicio N\u00b0 1.149 de fecha 19 de mayo de 2023 y bienes varios prescindibles, Motocicletas y veh\u00edculos motorizados (en mal estado) dispuestos por Juzgado de Polic\u00eda Local de Yungay.<\/p>\n<p style=\"text-align: justify;\">La Exhibici\u00f3n previa se realizar\u00e1 los d\u00edas 06, 07 y 08 de junio, en horario de 09:00 a 13:00 horas y de 14:30 a 17:00 horas en las Bodegas Municipales en la calle Pisagua N\u00b0 181 de nuestra comuna.<\/p>\n<p style=\"text-align: justify;\">Para obtener m\u00e1s informaci\u00f3n y conocer la lista de veh\u00edculos municipales disponibles, les invitamos revisar las im\u00e1genes o comunicarse al n\u00famero 42 2 25 56 21.<\/p>\n<p><img loading=\"lazy\" decoding=\"async\" class=\"alignnone wp-image-28536 size-full\" src=\"http:\/\/www.yungayino.cl\/noticias\/wp-content\/uploads\/2023\/06\/8-junio-remate-1.png\" alt=\"\" width=\"700\" height=\"700\" srcset=\"https:\/\/www.yungayino.cl\/noticias\/wp-content\/uploads\/2023\/06\/8-junio-remate-1.png 700w, https:\/\/www.yungayino.cl\/noticias\/wp-content\/uploads\/2023\/06\/8-junio-remate-1-300x300.png 300w, https:\/\/www.yungayino.cl\/noticias\/wp-content\/uploads\/2023\/06\/8-junio-remate-1-150x150.png 150w, https:\/\/www.yungayino.cl\/noticias\/wp-content\/uploads\/2023\/06\/8-junio-remate-1-80x80.png 80w, https:\/\/www.yungayino.cl\/noticias\/wp-content\/uploads\/2023\/06\/8-junio-remate-1-320x320.png 320w\" sizes=\"auto, (max-width: 700px) 100vw, 700px\" \/><\/p>\n","protected":false},"excerpt":{"rendered":"<p>&nbsp; Yungay, junio 2023: El S\u00e1bado 10 de junio se llevar\u00e1 a cabo un remate de veh\u00edculos de propiedad municipal que han sido dados de baja, seg\u00fan lo establecido en el decreto alcaldicio N\u00b0&#46;&#46;&#46;<\/p>\n","protected":false},"author":2,"featured_media":28535,"comment_status":"closed","ping_status":"open","sticky":false,"template":"","format":"standard","meta":{"footnotes":""},"categories":[1],"tags":[1115,2830,8,6,117],"class_list":["post-28534","post","type-post","status-publish","format-standard","has-post-thumbnail","hentry","category-noticias","tag-noticias","tag-remate","tag-yungay","tag-yungayino","tag-yungayinocl"],"_links":{"self":[{"href":"https:\/\/www.yungayino.cl\/noticias\/index.php?rest_route=\/wp\/v2\/posts\/28534","targetHints":{"allow":["GET"]}}],"collection":[{"href":"https:\/\/www.yungayino.cl\/noticias\/index.php?rest_route=\/wp\/v2\/posts"}],"about":[{"href":"https:\/\/www.yungayino.cl\/noticias\/index.php?rest_route=\/wp\/v2\/types\/post"}],"author":[{"embeddable":true,"href":"https:\/\/www.yungayino.cl\/noticias\/index.php?rest_route=\/wp\/v2\/users\/2"}],"replies":[{"embeddable":true,"href":"https:\/\/www.yungayino.cl\/noticias\/index.php?rest_route=%2Fwp%2Fv2%2Fcomments&post=28534"}],"version-history":[{"count":4,"href":"https:\/\/www.yungayino.cl\/noticias\/index.php?rest_route=\/wp\/v2\/posts\/28534\/revisions"}],"predecessor-version":[{"id":28540,"href":"https:\/\/www.yungayino.cl\/noticias\/index.php?rest_route=\/wp\/v2\/posts\/28534\/revisions\/28540"}],"wp:featuredmedia":[{"embeddable":true,"href":"https:\/\/www.yungayino.cl\/noticias\/index.php?rest_route=\/wp\/v2\/media\/28535"}],"wp:attachment":[{"href":"https:\/\/www.yungayino.cl\/noticias\/index.php?rest_route=%2Fwp%2Fv2%2Fmedia&parent=28534"}],"wp:term":[{"taxonomy":"category","embeddable":true,"href":"https:\/\/www.yungayino.cl\/noticias\/index.php?rest_route=%2Fwp%2Fv2%2Fcategories&post=28534"},{"taxonomy":"post_tag","embeddable":true,"href":"https:\/\/www.yungayino.cl\/noticias\/index.php?rest_route=%2Fwp%2Fv2%2Ftags&post=28534"}],"curies":[{"name":"wp","href":"https:\/\/api.w.org\/{rel}","templated":true}]}}