{"id":28547,"date":"2023-06-07T07:00:24","date_gmt":"2023-06-07T11:00:24","guid":{"rendered":"http:\/\/www.yungayino.cl\/noticias\/?p=28547"},"modified":"2023-06-05T20:14:55","modified_gmt":"2023-06-06T00:14:55","slug":"alcalde-rafael-cifuentes-impulsa-oficina-de-la-discapacidad-y-pronta-apertura-de-la-oficina-social-inclusiva","status":"publish","type":"post","link":"https:\/\/www.yungayino.cl\/noticias\/?p=28547","title":{"rendered":"Alcalde Rafael Cifuentes Impulsa Oficina de la Discapacidad y Pronta Apertura de la Oficina Social Inclusiva"},"content":{"rendered":"<p><img loading=\"lazy\" decoding=\"async\" class=\"alignnone wp-image-28548 size-full\" src=\"http:\/\/www.yungayino.cl\/noticias\/wp-content\/uploads\/2023\/06\/6-junio-tea.jpg\" alt=\"\" width=\"700\" height=\"350\" srcset=\"https:\/\/www.yungayino.cl\/noticias\/wp-content\/uploads\/2023\/06\/6-junio-tea.jpg 700w, https:\/\/www.yungayino.cl\/noticias\/wp-content\/uploads\/2023\/06\/6-junio-tea-300x150.jpg 300w\" sizes=\"auto, (max-width: 700px) 100vw, 700px\" \/><\/p>\n<p style=\"text-align: justify;\">Yungay, junio 2023: Alcalde Rafael Cifuentes Rodr\u00edguez present\u00f3 a la comunidad dos nuevos programas que buscan promover la inclusi\u00f3n y mejorar la calidad de vida en la comuna. El evento, al cual asistieron agrupaciones relacionadas con la discapacidad, el Trastorno del Espectro Autista (TEA) y autoridades locales de salud y educaci\u00f3n, fue una oportunidad para dar a conocer los objetivos y alcances de la oficina de discapacidad, ya en funcionamiento desde el 1 de junio, y la pr\u00f3xima apertura de la oficina social inclusiva, una unidad especializada en la atenci\u00f3n de ni\u00f1as, ni\u00f1os y adolescentes con TEA.<\/p>\n<p style=\"text-align: justify;\">El programa de discapacidad, a cargo de una asistente social, tiene como objetivos principales generar instancias de igualdad, oportunidades e inclusi\u00f3n social para las personas con discapacidad y sus familias. Esto se lograr\u00e1 mediante diversas estrategias destinadas a mejorar su calidad de vida y evitar la discriminaci\u00f3n. Asimismo, el programa brindar\u00e1 apoyo en el proceso de postulaciones para ayudas t\u00e9cnicas, adapt\u00e1ndose a las diferentes necesidades de cada individuo. Tambi\u00e9n se promover\u00e1n los derechos de las personas con discapacidad a trav\u00e9s de enfoques culturales, con el objetivo de prevenir su vulneraci\u00f3n.<\/p>\n<p style=\"text-align: justify;\">Por otro lado, se anunci\u00f3 la pr\u00f3xima apertura del programa social inclusivo, cuyo prop\u00f3sito es ofrecer una atenci\u00f3n continua a ni\u00f1os, ni\u00f1as y adolescentes con TEA a trav\u00e9s de profesionales especializados en el \u00e1rea. Este programa tiene como meta mejorar su calidad de vida e integraci\u00f3n social en todos los aspectos. La oficina social inclusiva contar\u00e1 con dos profesionales, una fonoaudi\u00f3loga y un terapeuta ocupacional, ambos capacitados en el campo del TEA.<\/p>\n<p style=\"text-align: justify;\">Ambos programas, que funcionan a trav\u00e9s de la Direcci\u00f3n de Desarrollo Comunitario, trabajar\u00e1n en estrecha colaboraci\u00f3n con otras instituciones y programas pertinentes, con el fin de brindar a las familias un apoyo integral. El objetivo es trabajar en red para garantizar que las personas beneficiadas reciban la atenci\u00f3n adecuada en su propia comuna.<\/p>\n<p style=\"text-align: justify;\">Estos nuevos programas son un paso significativo hacia una sociedad m\u00e1s inclusiva y equitativa, donde se promuevan los derechos de las personas con discapacidad y se brinde apoyo integral a aquellos que m\u00e1s lo necesitan.<\/p>\n","protected":false},"excerpt":{"rendered":"<p>Yungay, junio 2023: Alcalde Rafael Cifuentes Rodr\u00edguez present\u00f3 a la comunidad dos nuevos programas que buscan promover la inclusi\u00f3n y mejorar la calidad de vida en la comuna. El evento, al cual asistieron agrupaciones&#46;&#46;&#46;<\/p>\n","protected":false},"author":2,"featured_media":28548,"comment_status":"closed","ping_status":"open","sticky":false,"template":"","format":"standard","meta":{"footnotes":""},"categories":[1],"tags":[1574,1115,8,6,117],"class_list":["post-28547","post","type-post","status-publish","format-standard","has-post-thumbnail","hentry","category-noticias","tag-discapacidad","tag-noticias","tag-yungay","tag-yungayino","tag-yungayinocl"],"_links":{"self":[{"href":"https:\/\/www.yungayino.cl\/noticias\/index.php?rest_route=\/wp\/v2\/posts\/28547","targetHints":{"allow":["GET"]}}],"collection":[{"href":"https:\/\/www.yungayino.cl\/noticias\/index.php?rest_route=\/wp\/v2\/posts"}],"about":[{"href":"https:\/\/www.yungayino.cl\/noticias\/index.php?rest_route=\/wp\/v2\/types\/post"}],"author":[{"embeddable":true,"href":"https:\/\/www.yungayino.cl\/noticias\/index.php?rest_route=\/wp\/v2\/users\/2"}],"replies":[{"embeddable":true,"href":"https:\/\/www.yungayino.cl\/noticias\/index.php?rest_route=%2Fwp%2Fv2%2Fcomments&post=28547"}],"version-history":[{"count":1,"href":"https:\/\/www.yungayino.cl\/noticias\/index.php?rest_route=\/wp\/v2\/posts\/28547\/revisions"}],"predecessor-version":[{"id":28549,"href":"https:\/\/www.yungayino.cl\/noticias\/index.php?rest_route=\/wp\/v2\/posts\/28547\/revisions\/28549"}],"wp:featuredmedia":[{"embeddable":true,"href":"https:\/\/www.yungayino.cl\/noticias\/index.php?rest_route=\/wp\/v2\/media\/28548"}],"wp:attachment":[{"href":"https:\/\/www.yungayino.cl\/noticias\/index.php?rest_route=%2Fwp%2Fv2%2Fmedia&parent=28547"}],"wp:term":[{"taxonomy":"category","embeddable":true,"href":"https:\/\/www.yungayino.cl\/noticias\/index.php?rest_route=%2Fwp%2Fv2%2Fcategories&post=28547"},{"taxonomy":"post_tag","embeddable":true,"href":"https:\/\/www.yungayino.cl\/noticias\/index.php?rest_route=%2Fwp%2Fv2%2Ftags&post=28547"}],"curies":[{"name":"wp","href":"https:\/\/api.w.org\/{rel}","templated":true}]}}