{"id":28560,"date":"2023-06-06T16:00:02","date_gmt":"2023-06-06T20:00:02","guid":{"rendered":"http:\/\/www.yungayino.cl\/noticias\/?p=28560"},"modified":"2023-06-06T16:54:01","modified_gmt":"2023-06-06T20:54:01","slug":"lanzan-concurso-para-apoyar-el-desarrollo-horticola-en-la-region","status":"publish","type":"post","link":"https:\/\/www.yungayino.cl\/noticias\/?p=28560","title":{"rendered":"Lanzan Concurso Para Apoyar El Desarrollo Hort\u00edcola En La Regi\u00f3n"},"content":{"rendered":"<p><img loading=\"lazy\" decoding=\"async\" class=\"alignnone wp-image-28561 size-full\" src=\"http:\/\/www.yungayino.cl\/noticias\/wp-content\/uploads\/2023\/06\/nuble_concurso.jpg\" alt=\"\" width=\"700\" height=\"350\" srcset=\"https:\/\/www.yungayino.cl\/noticias\/wp-content\/uploads\/2023\/06\/nuble_concurso.jpg 700w, https:\/\/www.yungayino.cl\/noticias\/wp-content\/uploads\/2023\/06\/nuble_concurso-300x150.jpg 300w\" sizes=\"auto, (max-width: 700px) 100vw, 700px\" \/><\/p>\n<p style=\"text-align: justify;\">\u00d1uble, junio 2023: El Gobernador Cris\u00f3stomo e Indap \u00d1uble dieron a conocer la iniciativa que busca brindar acceso a capacitaci\u00f3n y nuevo equipamiento a 120 agricultores y agricultoras del rubro con una inversi\u00f3n total de m\u00e1s de $700 millones.<\/p>\n<p style=\"text-align: justify;\">Modernizar el rubro hort\u00edcola, a trav\u00e9s del acceso a capacitaci\u00f3n y nuevo equipamiento, es el objetivo del concurso lanzado esta ma\u00f1ana por el Gobierno Regional e Indap \u00d1uble, gracias a un convenio entre ambas instituciones, el que beneficiar\u00e1 a 120 agricultoras y agricultores dedicados a esta actividad. La instancia estuvo encabezada por el Gobernador Regional, \u00d3scar Cris\u00f3stomo, quien estuvo acompa\u00f1ado por la Jefa de Operaciones de Indap \u00d1uble, Mar\u00eda Jos\u00e9 N\u00fa\u00f1ez; la consejera regional, Lorena Vera; representantes de Prodemu y mujeres campesinas de la comuna de San Ignacio.<\/p>\n<p style=\"text-align: justify;\">El Gobernador Cris\u00f3stomo, junto con destacar que con esta iniciativa se cumple un compromiso realizado con agrupaciones de mujeres que se dedican a esta \u00e1rea, detall\u00f3 que \u201ceste es un convenio que hemos firmado con Indap para poder fortalecer y aumentar la competitividad, la capacidad tambi\u00e9n de muchos productores y productoras de nuestra regi\u00f3n, en un rubro que tiene mucho por desarrollarse, pero que entendemos necesita ir apalancando recursos y generando un empuje. Son m\u00e1s de 600 millones de pesos que estamos poniendo a disposici\u00f3n como Gobierno Regional, as\u00ed que queremos hacer una invitaci\u00f3n para que puedan postular\u201d. En este sentido, agreg\u00f3 que \u201cla intenci\u00f3n nuestra es seguir fortaleciendo el mundo agr\u00edcola, de distintos sectores, indudablemente que muchas veces al ser peque\u00f1os productores les cuesta mucho m\u00e1s tener un capital para poder ejercer estas labores productivas (\u2026) Por lo tanto, esto es una inyecci\u00f3n a uno de los rubros y particularmente a una vocaci\u00f3n que tiene nuestra Regi\u00f3n de \u00d1uble, que es la vocaci\u00f3n agr\u00edcola\u201d.<\/p>\n<p style=\"text-align: justify;\">En tanto, la consejera regional Lorena Vera expres\u00f3 que este concurso naci\u00f3 del llamado de muchas mujeres que son peque\u00f1as agricultoras de la regi\u00f3n, especialmente de la Provincia de Diguill\u00edn, y que han avanzado en sus producciones: \u201cHicimos el llamado al Gobernador en su minuto y se respondi\u00f3, con un apoyo desde Prodemu tambi\u00e9n desde el inicio, y la verdad es que muy satisfecha, adem\u00e1s, por la posibilidad que le vamos a poder entregar desde el Gobierno Regional a tantas personas y mujeres en espec\u00edfico, muchas de ellas jefas de hogar\u201d, dijo.<\/p>\n<p style=\"text-align: justify;\">Sobre el proceso de concurso, la Jefa de Operaciones de Indap \u00d1uble, Mar\u00eda Jos\u00e9 N\u00fa\u00f1ez, explic\u00f3 que \u201ceste llamado va a estar disponible desde el 1 de junio en nuestra plataforma de inversiones, en la cual podr\u00e1n postular todas las usuarias y usuarios de Indap, usuarias principalmente de Prodemu y tambi\u00e9n las egresadas de Prodemu que tienen el rubro hortalizas, como tambi\u00e9n empresas asociativas formales y grupos informales. Estamos hablando de m\u00e1s de 600 millones de pesos que van en beneficio de 120 usuarios de las 21 comunas de la Regi\u00f3n de \u00d1uble\u201d. Asimismo, dio a conocer que \u201cpodr\u00e1n postular a equipamiento, material gen\u00e9tico y tambi\u00e9n infraestructura como invernaderos para poder articularlas al mercado. Estamos hablando de proyectos de hasta $5 millones por usuario como incentivo, as\u00ed que es una buena oportunidad de poder levantar este rubro en la regi\u00f3n\u201d.<\/p>\n<p style=\"text-align: justify;\">Finalmente, Viviana Cisterna, presidenta de la Asociaci\u00f3n Gremial de Mujeres Campesinas de \u00d1uble, asegur\u00f3 que \u201cesta noticia es s\u00faper importante, porque para nosotras que somos mujeres egresadas de Prodemu, mujeres que est\u00e1n activas actualmente, es un apoyo s\u00faper importante poder contar con estos fondos para poder seguir, porque la mayor\u00eda de las mujeres est\u00e1n empezando emprendimientos\u201d.<\/p>\n<p style=\"text-align: justify;\">El concurso \u201cApoyo al Desarrollo Hort\u00edcola en la Regi\u00f3n de \u00d1uble\u201d cuenta con un financiamiento total de $713 millones, de los cuales $633 millones son aportados por el Gobierno Regional y $80 millones, por Indap \u00d1uble. Los antecedentes de los postulantes ser\u00e1n recepcionados en las agencias de \u00e1rea de Indap \u00d1uble del 1 de junio al 3 de julio.<\/p>\n","protected":false},"excerpt":{"rendered":"<p>\u00d1uble, junio 2023: El Gobernador Cris\u00f3stomo e Indap \u00d1uble dieron a conocer la iniciativa que busca brindar acceso a capacitaci\u00f3n y nuevo equipamiento a 120 agricultores y agricultoras del rubro con una inversi\u00f3n total&#46;&#46;&#46;<\/p>\n","protected":false},"author":2,"featured_media":28561,"comment_status":"closed","ping_status":"open","sticky":false,"template":"","format":"standard","meta":{"footnotes":""},"categories":[1],"tags":[1763,1115,1678,8,6,117],"class_list":["post-28560","post","type-post","status-publish","format-standard","has-post-thumbnail","hentry","category-noticias","tag-diguillin","tag-noticias","tag-nuble","tag-yungay","tag-yungayino","tag-yungayinocl"],"_links":{"self":[{"href":"https:\/\/www.yungayino.cl\/noticias\/index.php?rest_route=\/wp\/v2\/posts\/28560","targetHints":{"allow":["GET"]}}],"collection":[{"href":"https:\/\/www.yungayino.cl\/noticias\/index.php?rest_route=\/wp\/v2\/posts"}],"about":[{"href":"https:\/\/www.yungayino.cl\/noticias\/index.php?rest_route=\/wp\/v2\/types\/post"}],"author":[{"embeddable":true,"href":"https:\/\/www.yungayino.cl\/noticias\/index.php?rest_route=\/wp\/v2\/users\/2"}],"replies":[{"embeddable":true,"href":"https:\/\/www.yungayino.cl\/noticias\/index.php?rest_route=%2Fwp%2Fv2%2Fcomments&post=28560"}],"version-history":[{"count":1,"href":"https:\/\/www.yungayino.cl\/noticias\/index.php?rest_route=\/wp\/v2\/posts\/28560\/revisions"}],"predecessor-version":[{"id":28562,"href":"https:\/\/www.yungayino.cl\/noticias\/index.php?rest_route=\/wp\/v2\/posts\/28560\/revisions\/28562"}],"wp:featuredmedia":[{"embeddable":true,"href":"https:\/\/www.yungayino.cl\/noticias\/index.php?rest_route=\/wp\/v2\/media\/28561"}],"wp:attachment":[{"href":"https:\/\/www.yungayino.cl\/noticias\/index.php?rest_route=%2Fwp%2Fv2%2Fmedia&parent=28560"}],"wp:term":[{"taxonomy":"category","embeddable":true,"href":"https:\/\/www.yungayino.cl\/noticias\/index.php?rest_route=%2Fwp%2Fv2%2Fcategories&post=28560"},{"taxonomy":"post_tag","embeddable":true,"href":"https:\/\/www.yungayino.cl\/noticias\/index.php?rest_route=%2Fwp%2Fv2%2Ftags&post=28560"}],"curies":[{"name":"wp","href":"https:\/\/api.w.org\/{rel}","templated":true}]}}