{"id":28610,"date":"2023-06-16T16:00:47","date_gmt":"2023-06-16T20:00:47","guid":{"rendered":"http:\/\/www.yungayino.cl\/noticias\/?p=28610"},"modified":"2023-06-18T16:29:10","modified_gmt":"2023-06-18T20:29:10","slug":"importante-avance-en-la-proteccion-del-bien-nacional-protegido-ranchillo-alto-parcela-12","status":"publish","type":"post","link":"https:\/\/www.yungayino.cl\/noticias\/?p=28610","title":{"rendered":"Importante Avance En La Protecci\u00f3n Del Bien Nacional Protegido Ranchillo Alto (Parcela 12)"},"content":{"rendered":"<p><img loading=\"lazy\" decoding=\"async\" class=\"alignnone wp-image-28611 size-full\" src=\"http:\/\/www.yungayino.cl\/noticias\/wp-content\/uploads\/2023\/06\/parcela-12.jpg\" alt=\"\" width=\"700\" height=\"350\" srcset=\"https:\/\/www.yungayino.cl\/noticias\/wp-content\/uploads\/2023\/06\/parcela-12.jpg 700w, https:\/\/www.yungayino.cl\/noticias\/wp-content\/uploads\/2023\/06\/parcela-12-300x150.jpg 300w\" sizes=\"auto, (max-width: 700px) 100vw, 700px\" \/><\/p>\n<p style=\"text-align: justify;\">Yungay, junio 2023: En la sede de la Junta de Vecinos El Avellano, tuvo lugar una reuni\u00f3n convocada por el SEREMI de Bienes Nacionales, en la cual participaron diversos actores e instituciones comprometidos con la preservaci\u00f3n de este predio fiscal ubicado en la Reserva de la Bi\u00f3sfera. Entre los participantes se encontraban la Universidad de Concepci\u00f3n, el seremi de Medio Ambiente, Mario Rivas, Agrupaciones Ambientales de la comuna, vecinos de la comunidad aleda\u00f1a, Concejales y la Municipalidad de Yungay, representada por su alcalde don Rafael Cifuentes Rodr\u00edguez y el equipo t\u00e9cnico de la Direcci\u00f3n de Desarrollo Econ\u00f3mico Local y Sustentabilidad.<\/p>\n<p style=\"text-align: justify;\">Durante esta importante instancia, todos los presentes tuvieron la oportunidad de expresar sus puntos de vista en relaci\u00f3n a la gesti\u00f3n del Bien Nacional Protegido que la Universidad de Concepci\u00f3n ha llevado a cabo en los \u00faltimos a\u00f1os. Esto se hizo en el contexto de la pr\u00f3xima renovaci\u00f3n de la concesi\u00f3n del predio, la cual est\u00e1 programada para el a\u00f1o 2024.<\/p>\n<p style=\"text-align: justify;\">El SEREMI de Bienes Nacionales, Rodrigo Baeza Boyardi, lider\u00f3 la reuni\u00f3n y estuvo a cargo de recoger las observaciones planteadas por los asistentes. Adem\u00e1s, destac\u00f3 que todas las instituciones, agrupaciones y vecinos interesados podr\u00e1n proponer sus inquietudes por escrito, las cuales ser\u00e1n consideradas en el contrato de concesi\u00f3n. El objetivo de este proceso es establecer los alcances de la concesi\u00f3n, poniendo \u00e9nfasis en los fines educativos y la vinculaci\u00f3n con la comunidad.<\/p>\n<p style=\"text-align: justify;\">Durante la reuni\u00f3n, tanto el SEREMI de Bienes Nacionales como la Universidad de Concepci\u00f3n se comprometieron a abordar los puntos m\u00e1s sensibles planteados por los vecinos, acordando la elaboraci\u00f3n de un protocolo de ingreso por parte de la instituci\u00f3n educativa, as\u00ed como la delimitaci\u00f3n de servidumbres para el acceso al predio.<\/p>\n<p style=\"text-align: justify;\">\u201cEste avance en las gestiones nos llena de optimismo y nos impulsa a continuar promoviendo la protecci\u00f3n y conservaci\u00f3n de este hermoso lugar. Agradecemos la participaci\u00f3n activa de todas las partes interesadas y reafirmamos nuestro compromiso de seguir trabajando en conjunto para salvaguardar este Bien Nacional Protegido. Juntos, lograremos preservar y valorar adecuadamente nuestro patrimonio natural\u201d mencion\u00f3 primera autoridad.<\/p>\n","protected":false},"excerpt":{"rendered":"<p>Yungay, junio 2023: En la sede de la Junta de Vecinos El Avellano, tuvo lugar una reuni\u00f3n convocada por el SEREMI de Bienes Nacionales, en la cual participaron diversos actores e instituciones comprometidos con&#46;&#46;&#46;<\/p>\n","protected":false},"author":2,"featured_media":28611,"comment_status":"closed","ping_status":"open","sticky":false,"template":"","format":"standard","meta":{"footnotes":""},"categories":[1],"tags":[1115,2838,8,6,117],"class_list":["post-28610","post","type-post","status-publish","format-standard","has-post-thumbnail","hentry","category-noticias","tag-noticias","tag-parcela-12","tag-yungay","tag-yungayino","tag-yungayinocl"],"_links":{"self":[{"href":"https:\/\/www.yungayino.cl\/noticias\/index.php?rest_route=\/wp\/v2\/posts\/28610","targetHints":{"allow":["GET"]}}],"collection":[{"href":"https:\/\/www.yungayino.cl\/noticias\/index.php?rest_route=\/wp\/v2\/posts"}],"about":[{"href":"https:\/\/www.yungayino.cl\/noticias\/index.php?rest_route=\/wp\/v2\/types\/post"}],"author":[{"embeddable":true,"href":"https:\/\/www.yungayino.cl\/noticias\/index.php?rest_route=\/wp\/v2\/users\/2"}],"replies":[{"embeddable":true,"href":"https:\/\/www.yungayino.cl\/noticias\/index.php?rest_route=%2Fwp%2Fv2%2Fcomments&post=28610"}],"version-history":[{"count":1,"href":"https:\/\/www.yungayino.cl\/noticias\/index.php?rest_route=\/wp\/v2\/posts\/28610\/revisions"}],"predecessor-version":[{"id":28612,"href":"https:\/\/www.yungayino.cl\/noticias\/index.php?rest_route=\/wp\/v2\/posts\/28610\/revisions\/28612"}],"wp:featuredmedia":[{"embeddable":true,"href":"https:\/\/www.yungayino.cl\/noticias\/index.php?rest_route=\/wp\/v2\/media\/28611"}],"wp:attachment":[{"href":"https:\/\/www.yungayino.cl\/noticias\/index.php?rest_route=%2Fwp%2Fv2%2Fmedia&parent=28610"}],"wp:term":[{"taxonomy":"category","embeddable":true,"href":"https:\/\/www.yungayino.cl\/noticias\/index.php?rest_route=%2Fwp%2Fv2%2Fcategories&post=28610"},{"taxonomy":"post_tag","embeddable":true,"href":"https:\/\/www.yungayino.cl\/noticias\/index.php?rest_route=%2Fwp%2Fv2%2Ftags&post=28610"}],"curies":[{"name":"wp","href":"https:\/\/api.w.org\/{rel}","templated":true}]}}