{"id":28616,"date":"2023-06-20T07:00:04","date_gmt":"2023-06-20T11:00:04","guid":{"rendered":"http:\/\/www.yungayino.cl\/noticias\/?p=28616"},"modified":"2023-06-19T23:05:48","modified_gmt":"2023-06-20T03:05:48","slug":"noche-de-san-juan-en-biblioteca-publica-de-yungay","status":"publish","type":"post","link":"https:\/\/www.yungayino.cl\/noticias\/?p=28616","title":{"rendered":"Noche de San Juan en Biblioteca P\u00fablica de Yungay"},"content":{"rendered":"<p><img loading=\"lazy\" decoding=\"async\" class=\"alignnone wp-image-28617 size-full\" src=\"http:\/\/www.yungayino.cl\/noticias\/wp-content\/uploads\/2023\/06\/afiche-Noche-de-San-Juan.jpg\" alt=\"\" width=\"700\" height=\"1244\" srcset=\"https:\/\/www.yungayino.cl\/noticias\/wp-content\/uploads\/2023\/06\/afiche-Noche-de-San-Juan.jpg 700w, https:\/\/www.yungayino.cl\/noticias\/wp-content\/uploads\/2023\/06\/afiche-Noche-de-San-Juan-169x300.jpg 169w, https:\/\/www.yungayino.cl\/noticias\/wp-content\/uploads\/2023\/06\/afiche-Noche-de-San-Juan-576x1024.jpg 576w, https:\/\/www.yungayino.cl\/noticias\/wp-content\/uploads\/2023\/06\/afiche-Noche-de-San-Juan-84x150.jpg 84w\" sizes=\"auto, (max-width: 700px) 100vw, 700px\" \/><\/p>\n<p style=\"text-align: justify;\">Yungay, junio 2023: La Biblioteca P\u00fabica de nuestra comuna, nos invitan a participar en la actividad \u201cLa Noche de San Juan\u201d, una noche m\u00e1gica, donde cada a\u00f1o en el solsticio de invierno, en distintas localidades rurales a lo largo y ancho de Chile, se celebra esta fiesta que concentra toda la<br \/>\nmagia, mitos, leyendas y secretos campesinos que conforman los misterios de la sabidur\u00eda popular.<\/p>\n<p style=\"text-align: justify;\">La invitaci\u00f3n es para este viernes 23 de junio a las 19:00 horas, en la Biblioteca P\u00fablica de Yungay. La entrada es gratuita, solo deber\u00e1n traer su mate.<\/p>\n<p style=\"text-align: justify;\">Se presentar\u00e1n en esta actividad:<\/p>\n<ul>\n<li style=\"text-align: justify;\">El Cantautor Popular Rodrigo Saavedra<\/li>\n<li style=\"text-align: justify;\">Los Charros de Tucapel<\/li>\n<li style=\"text-align: justify;\">Los Campeones Nacionales Infantil de Cueca \u201cPampa y Mar 2022\u201d de la Regi\u00f3n de \u00d1uble<\/li>\n<li style=\"text-align: justify;\">La Obra de Teatro \u201cEl Roto que enga\u00f1\u00f3 al diablo\u201d<\/li>\n<\/ul>\n<p>&nbsp;<\/p>\n<p><img loading=\"lazy\" decoding=\"async\" class=\"alignnone wp-image-28618 size-full\" src=\"http:\/\/www.yungayino.cl\/noticias\/wp-content\/uploads\/2023\/06\/Afiche.jpg\" alt=\"\" width=\"700\" height=\"990\" srcset=\"https:\/\/www.yungayino.cl\/noticias\/wp-content\/uploads\/2023\/06\/Afiche.jpg 700w, https:\/\/www.yungayino.cl\/noticias\/wp-content\/uploads\/2023\/06\/Afiche-212x300.jpg 212w, https:\/\/www.yungayino.cl\/noticias\/wp-content\/uploads\/2023\/06\/Afiche-106x150.jpg 106w\" sizes=\"auto, (max-width: 700px) 100vw, 700px\" \/><\/p>\n","protected":false},"excerpt":{"rendered":"<p>Yungay, junio 2023: La Biblioteca P\u00fabica de nuestra comuna, nos invitan a participar en la actividad \u201cLa Noche de San Juan\u201d, una noche m\u00e1gica, donde cada a\u00f1o en el solsticio de invierno, en distintas&#46;&#46;&#46;<\/p>\n","protected":false},"author":2,"featured_media":28617,"comment_status":"closed","ping_status":"open","sticky":false,"template":"","format":"standard","meta":{"footnotes":""},"categories":[1],"tags":[583,699,1115,8,6,117],"class_list":["post-28616","post","type-post","status-publish","format-standard","has-post-thumbnail","hentry","category-noticias","tag-biblioteca","tag-noche-de-san-juan","tag-noticias","tag-yungay","tag-yungayino","tag-yungayinocl"],"_links":{"self":[{"href":"https:\/\/www.yungayino.cl\/noticias\/index.php?rest_route=\/wp\/v2\/posts\/28616","targetHints":{"allow":["GET"]}}],"collection":[{"href":"https:\/\/www.yungayino.cl\/noticias\/index.php?rest_route=\/wp\/v2\/posts"}],"about":[{"href":"https:\/\/www.yungayino.cl\/noticias\/index.php?rest_route=\/wp\/v2\/types\/post"}],"author":[{"embeddable":true,"href":"https:\/\/www.yungayino.cl\/noticias\/index.php?rest_route=\/wp\/v2\/users\/2"}],"replies":[{"embeddable":true,"href":"https:\/\/www.yungayino.cl\/noticias\/index.php?rest_route=%2Fwp%2Fv2%2Fcomments&post=28616"}],"version-history":[{"count":1,"href":"https:\/\/www.yungayino.cl\/noticias\/index.php?rest_route=\/wp\/v2\/posts\/28616\/revisions"}],"predecessor-version":[{"id":28619,"href":"https:\/\/www.yungayino.cl\/noticias\/index.php?rest_route=\/wp\/v2\/posts\/28616\/revisions\/28619"}],"wp:featuredmedia":[{"embeddable":true,"href":"https:\/\/www.yungayino.cl\/noticias\/index.php?rest_route=\/wp\/v2\/media\/28617"}],"wp:attachment":[{"href":"https:\/\/www.yungayino.cl\/noticias\/index.php?rest_route=%2Fwp%2Fv2%2Fmedia&parent=28616"}],"wp:term":[{"taxonomy":"category","embeddable":true,"href":"https:\/\/www.yungayino.cl\/noticias\/index.php?rest_route=%2Fwp%2Fv2%2Fcategories&post=28616"},{"taxonomy":"post_tag","embeddable":true,"href":"https:\/\/www.yungayino.cl\/noticias\/index.php?rest_route=%2Fwp%2Fv2%2Ftags&post=28616"}],"curies":[{"name":"wp","href":"https:\/\/api.w.org\/{rel}","templated":true}]}}