{"id":28630,"date":"2023-06-23T07:00:58","date_gmt":"2023-06-23T11:00:58","guid":{"rendered":"http:\/\/www.yungayino.cl\/noticias\/?p=28630"},"modified":"2023-06-20T21:34:15","modified_gmt":"2023-06-21T01:34:15","slug":"exitosa-escuela-de-formacion-social-para-dirigentes-se-llevo-a-cabo-en-yungay","status":"publish","type":"post","link":"https:\/\/www.yungayino.cl\/noticias\/?p=28630","title":{"rendered":"Exitosa Escuela De Formaci\u00f3n Social Para Dirigentes Se Llev\u00f3 A Cabo En Yungay"},"content":{"rendered":"<p><img loading=\"lazy\" decoding=\"async\" class=\"alignnone wp-image-28631 size-full\" src=\"http:\/\/www.yungayino.cl\/noticias\/wp-content\/uploads\/2023\/06\/escuela-formacion-social.jpg\" alt=\"\" width=\"700\" height=\"351\" srcset=\"https:\/\/www.yungayino.cl\/noticias\/wp-content\/uploads\/2023\/06\/escuela-formacion-social.jpg 700w, https:\/\/www.yungayino.cl\/noticias\/wp-content\/uploads\/2023\/06\/escuela-formacion-social-300x150.jpg 300w, https:\/\/www.yungayino.cl\/noticias\/wp-content\/uploads\/2023\/06\/escuela-formacion-social-299x150.jpg 299w\" sizes=\"auto, (max-width: 700px) 100vw, 700px\" \/><\/p>\n<p style=\"text-align: justify;\">Yungay, junio 2023: Con el fin de entregar herramientas conceptuales, t\u00e9cnicas y did\u00e1cticas a vecinos de distintas comunidades, la Divisi\u00f3n de Organizaciones Sociales (D.O.S.) del Ministerio Secretar\u00eda General de Gobierno de \u00d1uble lleg\u00f3 hasta la comuna de Diguill\u00edn para realizar una Escuela de Formaci\u00f3n Social sobre Formulaci\u00f3n, Rendici\u00f3n y Evaluaci\u00f3n de Proyectos.<\/p>\n<p style=\"text-align: justify;\">Como parte de su despliegue territorial, la Seremi de Gobierno Valentina Pradenas Andrade asisti\u00f3 junto al equipo de la D.O.S. a instruir a m\u00e1s de 30 asistentes que llegaron desde sectores rurales como El Roble, Lomas del Sol, El Castillo, Los Laureles, Chillancito, San Miguel de Itata, Curapaso y m\u00e1s.<\/p>\n<p style=\"text-align: justify;\">\u201cFelices de participar en una Escuela de Formaci\u00f3n Social con tan buena asistencia, en ese sentido destaco el enorme rol que cumplen los dirigentes, quienes muchas veces tienen una labor poco grata, pues no reciben remuneraci\u00f3n y ponen su tiempo personal a disposici\u00f3n de otros, por lo que los felicito enormemente ya que si est\u00e1n ac\u00e1 es para aprender y mejorar la situaci\u00f3n en la que se encuentran sus organizaciones. La Ministra Camila Vallejo nos ha pedido estar presentes en los territorios, recorrer nuestra regi\u00f3n y hoy como Gobierno estamos entregando las herramientas necesarias para que las comunidades progresen, crezcan y avancen en las materias que estimen conveniente\u201d, indic\u00f3 la Seremi de Gobierno Valentina Pradenas Andrade.<\/p>\n<p style=\"text-align: justify;\">Cabe destacar que la Divisi\u00f3n de Organizaciones Sociales busca contribuir a hacer m\u00e1s eficientes estos mecanismos de vinculaci\u00f3n, interlocuci\u00f3n y comunicaci\u00f3n entre el Gobierno y sociedad civil, favoreciendo el fortalecimiento de las comunidades y teniendo como ejes principales propiciar y potenciar espacios de participaci\u00f3n que cuentan con una variada oferta program\u00e1tica.<\/p>\n<p style=\"text-align: justify;\">Clementina Vel\u00e1squez Iturra, presidenta de la Uni\u00f3n Comunal de Junta de Vecinos de Yungay y de la Junta de Vecinos Bernardo O\u2019Higgins, agradeci\u00f3 la instancia y sostuvo que \u201ces un acierto para el pueblo que siempre ha tenido problemas por la informaci\u00f3n que no nos llega cuando uno lo necesita, estamos tremendamente agradecidos con el Gobierno del Presidente Gabriel Boric, ha apoyado a las juntas de vecinos y a las organizaciones, esperamos se vuelva a repetir\u201d.<\/p>\n<p style=\"text-align: justify;\">Palabras de agradecimiento que tambi\u00e9n expres\u00f3 Eduardo Jara Vel\u00e1squez, presidente de la Junta de Vecinos de Itata, \u201cme parece una excelente idea para que aprendamos y nos informemos bien para desarrollar nuestros proyectos de la mejor forma y as\u00ed poder ganar cada vez que postulemos. Yo les agradezco y les doy una nota 101 de 100, excelente actividad\u201d, se\u00f1al\u00f3.<\/p>\n<p style=\"text-align: justify;\">Al finalizar el encuentro, la seremi de Gobierno invit\u00f3 a las y los presentes a revisar la \u201cGu\u00eda de Fondos Concursables 2023-2024\u201d, un listado elaborado por la D.O.S. que ya encuentra disponible en su sitio web <a href=\"http:\/\/www.dos.gob.cl\">http:\/\/www.dos.gob.cl<\/a> y \u00a0que enumera todas las iniciativas que existen a nivel de Gobierno para que las organizaciones postulen y obtengan fondos que les permitan mejorar la calidad de vida de sus socios.<\/p>\n","protected":false},"excerpt":{"rendered":"<p>Yungay, junio 2023: Con el fin de entregar herramientas conceptuales, t\u00e9cnicas y did\u00e1cticas a vecinos de distintas comunidades, la Divisi\u00f3n de Organizaciones Sociales (D.O.S.) del Ministerio Secretar\u00eda General de Gobierno de \u00d1uble lleg\u00f3 hasta&#46;&#46;&#46;<\/p>\n","protected":false},"author":2,"featured_media":28631,"comment_status":"closed","ping_status":"open","sticky":false,"template":"","format":"standard","meta":{"footnotes":""},"categories":[1],"tags":[2842,1115,8,6,117],"class_list":["post-28630","post","type-post","status-publish","format-standard","has-post-thumbnail","hentry","category-noticias","tag-escuela-formacion-social","tag-noticias","tag-yungay","tag-yungayino","tag-yungayinocl"],"_links":{"self":[{"href":"https:\/\/www.yungayino.cl\/noticias\/index.php?rest_route=\/wp\/v2\/posts\/28630","targetHints":{"allow":["GET"]}}],"collection":[{"href":"https:\/\/www.yungayino.cl\/noticias\/index.php?rest_route=\/wp\/v2\/posts"}],"about":[{"href":"https:\/\/www.yungayino.cl\/noticias\/index.php?rest_route=\/wp\/v2\/types\/post"}],"author":[{"embeddable":true,"href":"https:\/\/www.yungayino.cl\/noticias\/index.php?rest_route=\/wp\/v2\/users\/2"}],"replies":[{"embeddable":true,"href":"https:\/\/www.yungayino.cl\/noticias\/index.php?rest_route=%2Fwp%2Fv2%2Fcomments&post=28630"}],"version-history":[{"count":1,"href":"https:\/\/www.yungayino.cl\/noticias\/index.php?rest_route=\/wp\/v2\/posts\/28630\/revisions"}],"predecessor-version":[{"id":28632,"href":"https:\/\/www.yungayino.cl\/noticias\/index.php?rest_route=\/wp\/v2\/posts\/28630\/revisions\/28632"}],"wp:featuredmedia":[{"embeddable":true,"href":"https:\/\/www.yungayino.cl\/noticias\/index.php?rest_route=\/wp\/v2\/media\/28631"}],"wp:attachment":[{"href":"https:\/\/www.yungayino.cl\/noticias\/index.php?rest_route=%2Fwp%2Fv2%2Fmedia&parent=28630"}],"wp:term":[{"taxonomy":"category","embeddable":true,"href":"https:\/\/www.yungayino.cl\/noticias\/index.php?rest_route=%2Fwp%2Fv2%2Fcategories&post=28630"},{"taxonomy":"post_tag","embeddable":true,"href":"https:\/\/www.yungayino.cl\/noticias\/index.php?rest_route=%2Fwp%2Fv2%2Ftags&post=28630"}],"curies":[{"name":"wp","href":"https:\/\/api.w.org\/{rel}","templated":true}]}}