{"id":28636,"date":"2023-06-24T07:00:05","date_gmt":"2023-06-24T11:00:05","guid":{"rendered":"http:\/\/www.yungayino.cl\/noticias\/?p=28636"},"modified":"2023-06-20T21:38:45","modified_gmt":"2023-06-21T01:38:45","slug":"abren-postulaciones-al-capital-abeja-para-impulsar-el-emprendimiento-femenino","status":"publish","type":"post","link":"https:\/\/www.yungayino.cl\/noticias\/?p=28636","title":{"rendered":"Abren Postulaciones Al Capital Abeja Para Impulsar El Emprendimiento Femenino"},"content":{"rendered":"<p><img loading=\"lazy\" decoding=\"async\" class=\"alignnone wp-image-28638 size-full\" src=\"http:\/\/www.yungayino.cl\/noticias\/wp-content\/uploads\/2023\/06\/sercotec-2.jpg\" alt=\"\" width=\"700\" height=\"468\" srcset=\"https:\/\/www.yungayino.cl\/noticias\/wp-content\/uploads\/2023\/06\/sercotec-2.jpg 700w, https:\/\/www.yungayino.cl\/noticias\/wp-content\/uploads\/2023\/06\/sercotec-2-300x201.jpg 300w, https:\/\/www.yungayino.cl\/noticias\/wp-content\/uploads\/2023\/06\/sercotec-2-224x150.jpg 224w\" sizes=\"auto, (max-width: 700px) 100vw, 700px\" \/><\/p>\n<p style=\"text-align: justify;\">Nacional, junio 2023: Otorga un subsidio de $3,5 millones para que mujeres de todo el pa\u00eds puedan concretar sus proyectos de negocio. La postulaci\u00f3n se realiza en <strong><a href=\"https:\/\/www.sercotec.cl\/\">https:\/\/www.sercotec.cl\/<\/a> <\/strong><strong>hasta el 28 de junio.<\/strong><\/p>\n<p style=\"text-align: justify;\"><em>\u00a0<\/em>Con el objetivo de apoyar el emprendimiento femenino en el pa\u00eds, el Servicio de Cooperaci\u00f3n T\u00e9cnica, dependiente del Ministerio de Econom\u00eda, junto al Servicio Nacional de la Mujer y la Equidad de G\u00e9nero, anunciaron la apertura de la convocatoria del Capital Abeja Emprende 2023, programa que promueve la creaci\u00f3n de negocios liderados por mujeres, con oportunidad de participar en el mercado a trav\u00e9s de su formalizaci\u00f3n.<\/p>\n<p style=\"text-align: justify;\">Para ello, la iniciativa entrega un subsidio de 3,5 millones de pesos, destinado a cofinanciar un plan de trabajo que incluya acciones de gesti\u00f3n empresarial e inversiones en bienes necesarios para cumplir el objetivo del proyecto de la beneficiaria.<\/p>\n<p style=\"text-align: justify;\">El lanzamiento fue encabezado por la ministra de la Mujer y Equidad de G\u00e9nero, Antonia Orellana; la subsecretaria de Econom\u00eda, Javiera Petersen; la gerenta general de Sercotec, Cecilia Schr\u00f6der; la directora nacional de SernamEG, Priscilla Carrasco, y el alcalde de Lo Prado, Maximiliano R\u00edos, quienes visitaron una muestra de emprendimientos impulsados por este fondo, instalada de forma especial en el Centro Cultural Lo Prado.<\/p>\n<p style=\"text-align: justify;\">En la actividad la ministra Antonia Orellana se\u00f1al\u00f3 \u201cque sabemos que no hay desarrollo ni recuperaci\u00f3n de la econom\u00eda sin incluir a las mujeres\u201d y destac\u00f3 la participaci\u00f3n de \u201clas emprendedoras, productoras y artesanas que est\u00e1n ac\u00e1, porque dejaron un ratito de producci\u00f3n, o de comercializaci\u00f3n, para poder venir a acompa\u00f1arnos y as\u00ed inspirar a otras mujeres a contar cu\u00e1les son sus trayectorias y sus historias de emprendimiento. Ac\u00e1 hay mujeres que optaron por levantar una idea de negocio como una forma de conciliar la vida laboral y la vida familiar. Quiero recordar, que tal como comprometi\u00f3 el Presidente Gabriel Boric en su Cuenta P\u00fablica, vamos a presentar un proyecto de ley de conciliaci\u00f3n de la vida familiar y laboral, para que esas decisiones se hagan siempre con la mejor base de apoyo y de protecci\u00f3n desde lo p\u00fablico\u201d.<\/p>\n<p style=\"text-align: justify;\">Por su parte, la subsecretaria de Econom\u00eda, Javiera Petersen, coment\u00f3 \u201cen nuestro gobierno tenemos un compromiso por mejorar la econom\u00eda y felizmente las cifras as\u00ed lo van mostrando, pero tambi\u00e9n sabemos que, para lograr una mejor econom\u00eda, \u00e9sta tiene que ser para todas y todos. Por ello, debemos potenciar emprendimientos que logren crecer para que puedan generar condiciones de seguridad econ\u00f3mica a las familias y lograr mejores condiciones para toda la econom\u00eda. El Capital Abeja est\u00e1 enfocado en entregar un apoyo econ\u00f3mico a mujeres emprendedoras de la mano de un apoyo t\u00e9cnico para que sus ideas de negocio se puedan concretar en una idea que sea sostenible financieramente y que puedan lograr la autonom\u00eda econ\u00f3mica\u201d.<\/p>\n<p style=\"text-align: justify;\">Capital Abeja Emprende es un programa ejecutado por Sercotec con fondos de SernamEG, que este a\u00f1o espera beneficiar a 1.161 mujeres en todo el pa\u00eds. Para ello cuenta con un presupuesto de $5.134 millones, que representa un aumento de 6,3% respecto a los recursos disponibles en 2022.<\/p>\n<p style=\"text-align: justify;\">\u201cEl emprendimiento es un pilar fundamental para el crecimiento de la econom\u00eda y, en el caso de las mujeres, un camino importante para lograr su autonom\u00eda econ\u00f3mica. Con el Capital Abeja Emprende buscamos acompa\u00f1ar a las emprendedoras a que pongan en marcha sus proyectos y construyan negocios que perduren en el tiempo\u201d, dijo la gerenta general de Sercotec, Cecilia Schr\u00f6der.<\/p>\n<p style=\"text-align: justify;\">Desde SernamEG, su directora nacional, Priscilla Carrasco, se\u00f1al\u00f3 que \u201cexiste un 60% de mujeres que decide emprender por necesidad. La mayor\u00eda de las participantes de nuestros programas lo hace con el prop\u00f3sito de formar o robustecer un negocio ya creado. Por eso, instancias como estas son fundamentales para apoyar a la diversidad de mujeres que habitan en el pa\u00eds, las que buscan tener un trabajo digno, que les permita mejorar su calidad de vida y la de sus familias\u201d.<\/p>\n<p style=\"text-align: justify;\">Al fondo podr\u00e1n postular mujeres mayores de edad, sin inicio de actividades en primera categor\u00eda ante el Servicio de Impuestos Internos y que presenten un proyecto de negocio que cumpla con el foco definido por la convocatoria de Sercotec en su respectiva regi\u00f3n, cuyo detalle est\u00e1 se\u00f1alado en las bases de postulaci\u00f3n. Si son seleccionadas, deber\u00e1n entregar un aporte equivalente al 3% del monto del subsidio y financiar cualquier impuesto asociado a su proyecto.<\/p>\n<p style=\"text-align: justify;\">En los \u00faltimos seis a\u00f1os m\u00e1s de 5.500 emprendedoras han podido poner en marcha sus negocios con el apoyo de este beneficio. Entre los creados el a\u00f1o pasado, la mayor\u00eda correspondi\u00f3 a los rubros de industrias manufactureras, comercio y hoteles, restaurantes y turismo.<\/p>\n<p style=\"text-align: justify;\">Un an\u00e1lisis al impacto del programa revela que 60% de las beneficiarias del Capital Abeja Emprende 2021 ya logra ventas en el primer a\u00f1o de haberse adjudicado el beneficio, sumando nuevas ventas por $4.975 millones. Al 2022 este grupo hab\u00eda generado 539 nuevos empleos formales.<\/p>\n<p style=\"text-align: justify;\">La postulaci\u00f3n estar\u00e1 abierta hasta el 28 de junio y se realiza a trav\u00e9s del sitio <strong><a href=\"https:\/\/www.sercotec.cl\/\">https:\/\/www.sercotec.cl\/<\/a><\/strong>. En la plataforma las interesadas deben registrarse como usuarias y leer con detenci\u00f3n las bases y anexos de la convocatoria. Luego deben responder un test de emprendimiento y completar el formulario de postulaci\u00f3n, junto con un video de presentaci\u00f3n y los documentos requeridos, verificando que cumplan con el formato y contenido solicitados.<\/p>\n<p>&nbsp;<\/p>\n<p><img loading=\"lazy\" decoding=\"async\" class=\"alignnone wp-image-28637 size-full\" src=\"http:\/\/www.yungayino.cl\/noticias\/wp-content\/uploads\/2023\/06\/sercotec-1.jpg\" alt=\"\" width=\"700\" height=\"468\" srcset=\"https:\/\/www.yungayino.cl\/noticias\/wp-content\/uploads\/2023\/06\/sercotec-1.jpg 700w, https:\/\/www.yungayino.cl\/noticias\/wp-content\/uploads\/2023\/06\/sercotec-1-300x201.jpg 300w, https:\/\/www.yungayino.cl\/noticias\/wp-content\/uploads\/2023\/06\/sercotec-1-224x150.jpg 224w\" sizes=\"auto, (max-width: 700px) 100vw, 700px\" \/><\/p>\n","protected":false},"excerpt":{"rendered":"<p>Nacional, junio 2023: Otorga un subsidio de $3,5 millones para que mujeres de todo el pa\u00eds puedan concretar sus proyectos de negocio. La postulaci\u00f3n se realiza en https:\/\/www.sercotec.cl\/ hasta el 28 de junio. \u00a0Con&#46;&#46;&#46;<\/p>\n","protected":false},"author":2,"featured_media":28638,"comment_status":"closed","ping_status":"open","sticky":false,"template":"","format":"standard","meta":{"footnotes":""},"categories":[1],"tags":[1352,1115,160,8,6,117],"class_list":["post-28636","post","type-post","status-publish","format-standard","has-post-thumbnail","hentry","category-noticias","tag-capital-abeja","tag-noticias","tag-sercotec","tag-yungay","tag-yungayino","tag-yungayinocl"],"_links":{"self":[{"href":"https:\/\/www.yungayino.cl\/noticias\/index.php?rest_route=\/wp\/v2\/posts\/28636","targetHints":{"allow":["GET"]}}],"collection":[{"href":"https:\/\/www.yungayino.cl\/noticias\/index.php?rest_route=\/wp\/v2\/posts"}],"about":[{"href":"https:\/\/www.yungayino.cl\/noticias\/index.php?rest_route=\/wp\/v2\/types\/post"}],"author":[{"embeddable":true,"href":"https:\/\/www.yungayino.cl\/noticias\/index.php?rest_route=\/wp\/v2\/users\/2"}],"replies":[{"embeddable":true,"href":"https:\/\/www.yungayino.cl\/noticias\/index.php?rest_route=%2Fwp%2Fv2%2Fcomments&post=28636"}],"version-history":[{"count":1,"href":"https:\/\/www.yungayino.cl\/noticias\/index.php?rest_route=\/wp\/v2\/posts\/28636\/revisions"}],"predecessor-version":[{"id":28639,"href":"https:\/\/www.yungayino.cl\/noticias\/index.php?rest_route=\/wp\/v2\/posts\/28636\/revisions\/28639"}],"wp:featuredmedia":[{"embeddable":true,"href":"https:\/\/www.yungayino.cl\/noticias\/index.php?rest_route=\/wp\/v2\/media\/28638"}],"wp:attachment":[{"href":"https:\/\/www.yungayino.cl\/noticias\/index.php?rest_route=%2Fwp%2Fv2%2Fmedia&parent=28636"}],"wp:term":[{"taxonomy":"category","embeddable":true,"href":"https:\/\/www.yungayino.cl\/noticias\/index.php?rest_route=%2Fwp%2Fv2%2Fcategories&post=28636"},{"taxonomy":"post_tag","embeddable":true,"href":"https:\/\/www.yungayino.cl\/noticias\/index.php?rest_route=%2Fwp%2Fv2%2Ftags&post=28636"}],"curies":[{"name":"wp","href":"https:\/\/api.w.org\/{rel}","templated":true}]}}