{"id":28649,"date":"2023-06-26T07:00:00","date_gmt":"2023-06-26T11:00:00","guid":{"rendered":"http:\/\/www.yungayino.cl\/noticias\/?p=28649"},"modified":"2023-06-25T16:26:09","modified_gmt":"2023-06-25T20:26:09","slug":"celebracion-mes-del-buen-trato-a-las-personas-mayores","status":"publish","type":"post","link":"https:\/\/www.yungayino.cl\/noticias\/?p=28649","title":{"rendered":"Celebraci\u00f3n Mes Del Buen Trato A Las Personas Mayores"},"content":{"rendered":"<p><img loading=\"lazy\" decoding=\"async\" class=\"alignnone wp-image-28650 size-full\" src=\"http:\/\/www.yungayino.cl\/noticias\/wp-content\/uploads\/2023\/06\/buen-trato.jpg\" alt=\"\" width=\"700\" height=\"350\" srcset=\"https:\/\/www.yungayino.cl\/noticias\/wp-content\/uploads\/2023\/06\/buen-trato.jpg 700w, https:\/\/www.yungayino.cl\/noticias\/wp-content\/uploads\/2023\/06\/buen-trato-300x150.jpg 300w\" sizes=\"auto, (max-width: 700px) 100vw, 700px\" \/><\/p>\n<p style=\"text-align: justify;\">Yungay, junio 2023: Se llev\u00f3 a cabo un emotivo encuentro intergeneracional entre personas mayores y alumnos de s\u00e9ptimo b\u00e1sico de la Escuela Fernando Baquedano, quienes se unieron para compartir experiencias y derribar mitos y estereotipos sobre la vida de las personas mayores en la actualidad, as\u00ed como la de los ni\u00f1os.<\/p>\n<p style=\"text-align: justify;\">La jornada estuvo llena de aprendizaje y enriquecimiento mutuo, donde tanto los adultos mayores como los estudiantes tuvieron la oportunidad de intercambiar vivencias y conocimientos. Fue un espacio propicio para promover el respeto, la empat\u00eda y el valor del buen trato hacia las personas mayores.<\/p>\n<p style=\"text-align: justify;\">Profesionales del Centro Diurno y del programa V\u00ednculos dirigieron esta iniciativa, dise\u00f1ando actividades y juegos que fomentaron la confianza y el trabajo en equipo entre los participantes. Estas din\u00e1micas permitieron crear lazos afectivos, fortaleciendo as\u00ed los lazos intergeneracionales.<\/p>\n<p style=\"text-align: justify;\">Durante el encuentro, las personas mayores compartieron historias de vida, an\u00e9cdotas y consejos con los j\u00f3venes, mostrando la riqueza y diversidad de sus experiencias. A su vez, los alumnos tuvieron la oportunidad de expresar sus inquietudes, aprender de las lecciones de vida de los adultos mayores y desmontar estereotipos negativos sobre el envejecimiento.<\/p>\n<p style=\"text-align: justify;\">La actividad fue un claro ejemplo de c\u00f3mo el di\u00e1logo intergeneracional puede contribuir a construir una sociedad m\u00e1s inclusiva y respetuosa con las personas mayores. Se foment\u00f3 el valor de la sabidur\u00eda y se reconoci\u00f3 la importancia de brindar un trato digno y cari\u00f1oso a quienes han dedicado gran parte de sus vidas al desarrollo de la comunidad.<\/p>\n<p style=\"text-align: justify;\">En este mes del buen trato a las personas mayores, hagamos un llamado a promover el respeto y la valoraci\u00f3n de nuestras personas mayores. Recordemos que su experiencia y sabidur\u00eda son tesoros invaluables que merecen ser reconocidos y apreciados. Juntos, podemos construir un futuro m\u00e1s inclusivo y solidario para todas las generaciones.<\/p>\n<p style=\"text-align: justify;\">La actividad fue organizada por la Oficina de Personas Mayores de la Direcci\u00f3n de Desarrollo Comunitario y cont\u00f3 con la participaci\u00f3n de autoridades comunales y profesionales del \u00e1rea.<\/p>\n","protected":false},"excerpt":{"rendered":"<p>Yungay, junio 2023: Se llev\u00f3 a cabo un emotivo encuentro intergeneracional entre personas mayores y alumnos de s\u00e9ptimo b\u00e1sico de la Escuela Fernando Baquedano, quienes se unieron para compartir experiencias y derribar mitos y&#46;&#46;&#46;<\/p>\n","protected":false},"author":2,"featured_media":28650,"comment_status":"closed","ping_status":"open","sticky":false,"template":"","format":"standard","meta":{"footnotes":""},"categories":[1],"tags":[1115,2366,8,6,117],"class_list":["post-28649","post","type-post","status-publish","format-standard","has-post-thumbnail","hentry","category-noticias","tag-noticias","tag-personas-mayores","tag-yungay","tag-yungayino","tag-yungayinocl"],"_links":{"self":[{"href":"https:\/\/www.yungayino.cl\/noticias\/index.php?rest_route=\/wp\/v2\/posts\/28649","targetHints":{"allow":["GET"]}}],"collection":[{"href":"https:\/\/www.yungayino.cl\/noticias\/index.php?rest_route=\/wp\/v2\/posts"}],"about":[{"href":"https:\/\/www.yungayino.cl\/noticias\/index.php?rest_route=\/wp\/v2\/types\/post"}],"author":[{"embeddable":true,"href":"https:\/\/www.yungayino.cl\/noticias\/index.php?rest_route=\/wp\/v2\/users\/2"}],"replies":[{"embeddable":true,"href":"https:\/\/www.yungayino.cl\/noticias\/index.php?rest_route=%2Fwp%2Fv2%2Fcomments&post=28649"}],"version-history":[{"count":1,"href":"https:\/\/www.yungayino.cl\/noticias\/index.php?rest_route=\/wp\/v2\/posts\/28649\/revisions"}],"predecessor-version":[{"id":28651,"href":"https:\/\/www.yungayino.cl\/noticias\/index.php?rest_route=\/wp\/v2\/posts\/28649\/revisions\/28651"}],"wp:featuredmedia":[{"embeddable":true,"href":"https:\/\/www.yungayino.cl\/noticias\/index.php?rest_route=\/wp\/v2\/media\/28650"}],"wp:attachment":[{"href":"https:\/\/www.yungayino.cl\/noticias\/index.php?rest_route=%2Fwp%2Fv2%2Fmedia&parent=28649"}],"wp:term":[{"taxonomy":"category","embeddable":true,"href":"https:\/\/www.yungayino.cl\/noticias\/index.php?rest_route=%2Fwp%2Fv2%2Fcategories&post=28649"},{"taxonomy":"post_tag","embeddable":true,"href":"https:\/\/www.yungayino.cl\/noticias\/index.php?rest_route=%2Fwp%2Fv2%2Ftags&post=28649"}],"curies":[{"name":"wp","href":"https:\/\/api.w.org\/{rel}","templated":true}]}}