{"id":28656,"date":"2023-06-21T16:00:15","date_gmt":"2023-06-21T20:00:15","guid":{"rendered":"http:\/\/www.yungayino.cl\/noticias\/?p=28656"},"modified":"2023-06-27T16:32:55","modified_gmt":"2023-06-27T20:32:55","slug":"dia-del-medio-ambiente-comunidad-realizo-limpieza-en-laguna-del-indio-de-yungay","status":"publish","type":"post","link":"https:\/\/www.yungayino.cl\/noticias\/?p=28656","title":{"rendered":"D\u00eda Del Medio Ambiente: Comunidad Realiz\u00f3 Limpieza En Laguna Del Indio De Yungay"},"content":{"rendered":"<p><img loading=\"lazy\" decoding=\"async\" class=\"alignnone wp-image-28657 size-full\" src=\"http:\/\/www.yungayino.cl\/noticias\/wp-content\/uploads\/2023\/06\/actividadyungaydiadelmedioambiente.jpg\" alt=\"\" width=\"700\" height=\"350\" srcset=\"https:\/\/www.yungayino.cl\/noticias\/wp-content\/uploads\/2023\/06\/actividadyungaydiadelmedioambiente.jpg 700w, https:\/\/www.yungayino.cl\/noticias\/wp-content\/uploads\/2023\/06\/actividadyungaydiadelmedioambiente-300x150.jpg 300w\" sizes=\"auto, (max-width: 700px) 100vw, 700px\" \/><\/p>\n<p style=\"text-align: justify;\">Yungay, junio 2023: En el marco del D\u00eda Mundial del Medio Ambiente, conmemorado cada 5 de junio, en coordinaci\u00f3n con el Comit\u00e9 Ambiental Comunal de Yungay y alumnos del Colegio Nueva Esperanza, se realiz\u00f3 la limpieza de la Laguna del Indio, con el objetivo de generar conciencia sobre el da\u00f1o causado por la contaminaci\u00f3n a los distintos cuerpos de agua.<\/p>\n<p style=\"text-align: justify;\">Junto a esta actividad, los estudiantes plantaron m\u00e1s de 30 \u00e1rboles nativos como el Quillay y el Array\u00e1n, entregados por profesionales de la FAO\/Conaf, adem\u00e1s del avistamiento de las distintas especies de aves encontradas en el lugar.<\/p>\n<p style=\"text-align: justify;\">En este contexto, el seremi del Medio Ambiente de \u00d1uble, Mario Rivas, destac\u00f3 la labor realizada por la comunidad local, estudiantes y profesionales. \u201cAgradecemos la entrega y el compromiso con el cuidado del medioambiente y del ecosistema existente en la Laguna del Indio, que incluye anfibios y distintas especies de aves. Hoy se han recogido kilos de residuos, entre ellos botellas, colillas de cigarros, latas, cartones y pl\u00e1sticos, lo que ayudar\u00e1 no solo a embellecer el lugar, sino tambi\u00e9n a continuar generando acciones de limpieza y seguir trabajando en medidas de protecci\u00f3n para esta \u00e1rea de alto valor\u201d.<\/p>\n<p style=\"text-align: justify;\">\u201cHacemos un llamado a la comunidad a disfrutar de este hermoso lugar con responsabilidad y cultura ambiental, llev\u00e1ndose su basura al retirarse, lo que nos permitir\u00e1 fortalecer este ecosistema\u201d, agreg\u00f3 Rivas.<\/p>\n","protected":false},"excerpt":{"rendered":"<p>Yungay, junio 2023: En el marco del D\u00eda Mundial del Medio Ambiente, conmemorado cada 5 de junio, en coordinaci\u00f3n con el Comit\u00e9 Ambiental Comunal de Yungay y alumnos del Colegio Nueva Esperanza, se realiz\u00f3&#46;&#46;&#46;<\/p>\n","protected":false},"author":2,"featured_media":28657,"comment_status":"closed","ping_status":"open","sticky":false,"template":"","format":"standard","meta":{"footnotes":""},"categories":[1],"tags":[904,1115,8,6,117],"class_list":["post-28656","post","type-post","status-publish","format-standard","has-post-thumbnail","hentry","category-noticias","tag-medio-ambiente","tag-noticias","tag-yungay","tag-yungayino","tag-yungayinocl"],"_links":{"self":[{"href":"https:\/\/www.yungayino.cl\/noticias\/index.php?rest_route=\/wp\/v2\/posts\/28656","targetHints":{"allow":["GET"]}}],"collection":[{"href":"https:\/\/www.yungayino.cl\/noticias\/index.php?rest_route=\/wp\/v2\/posts"}],"about":[{"href":"https:\/\/www.yungayino.cl\/noticias\/index.php?rest_route=\/wp\/v2\/types\/post"}],"author":[{"embeddable":true,"href":"https:\/\/www.yungayino.cl\/noticias\/index.php?rest_route=\/wp\/v2\/users\/2"}],"replies":[{"embeddable":true,"href":"https:\/\/www.yungayino.cl\/noticias\/index.php?rest_route=%2Fwp%2Fv2%2Fcomments&post=28656"}],"version-history":[{"count":1,"href":"https:\/\/www.yungayino.cl\/noticias\/index.php?rest_route=\/wp\/v2\/posts\/28656\/revisions"}],"predecessor-version":[{"id":28658,"href":"https:\/\/www.yungayino.cl\/noticias\/index.php?rest_route=\/wp\/v2\/posts\/28656\/revisions\/28658"}],"wp:featuredmedia":[{"embeddable":true,"href":"https:\/\/www.yungayino.cl\/noticias\/index.php?rest_route=\/wp\/v2\/media\/28657"}],"wp:attachment":[{"href":"https:\/\/www.yungayino.cl\/noticias\/index.php?rest_route=%2Fwp%2Fv2%2Fmedia&parent=28656"}],"wp:term":[{"taxonomy":"category","embeddable":true,"href":"https:\/\/www.yungayino.cl\/noticias\/index.php?rest_route=%2Fwp%2Fv2%2Fcategories&post=28656"},{"taxonomy":"post_tag","embeddable":true,"href":"https:\/\/www.yungayino.cl\/noticias\/index.php?rest_route=%2Fwp%2Fv2%2Ftags&post=28656"}],"curies":[{"name":"wp","href":"https:\/\/api.w.org\/{rel}","templated":true}]}}