{"id":28659,"date":"2023-06-26T18:00:21","date_gmt":"2023-06-26T22:00:21","guid":{"rendered":"http:\/\/www.yungayino.cl\/noticias\/?p=28659"},"modified":"2023-06-27T16:36:14","modified_gmt":"2023-06-27T20:36:14","slug":"corfo-anuncia-proyecto-estrategico-para-impulsar-la-industria-de-la-construccion-industrializada-de-viviendas-en-nuble","status":"publish","type":"post","link":"https:\/\/www.yungayino.cl\/noticias\/?p=28659","title":{"rendered":"Corfo Anuncia Proyecto Estrat\u00e9gico Para Impulsar La Industria De La Construcci\u00f3n Industrializada De Viviendas En \u00d1uble"},"content":{"rendered":"<p><img loading=\"lazy\" decoding=\"async\" class=\"alignnone wp-image-28660 size-full\" src=\"http:\/\/www.yungayino.cl\/noticias\/wp-content\/uploads\/2023\/06\/corfo-viviendas.jpg\" alt=\"\" width=\"700\" height=\"410\" srcset=\"https:\/\/www.yungayino.cl\/noticias\/wp-content\/uploads\/2023\/06\/corfo-viviendas.jpg 700w, https:\/\/www.yungayino.cl\/noticias\/wp-content\/uploads\/2023\/06\/corfo-viviendas-300x176.jpg 300w, https:\/\/www.yungayino.cl\/noticias\/wp-content\/uploads\/2023\/06\/corfo-viviendas-256x150.jpg 256w\" sizes=\"auto, (max-width: 700px) 100vw, 700px\" \/><\/p>\n<p style=\"text-align: justify;\">\u00d1uble, junio 2023: La medida contempla apalancar recursos para formaci\u00f3n, transferencia tecnol\u00f3gica e inversi\u00f3n.<\/p>\n<p style=\"text-align: justify;\">Contribuir al desarrollo de una industria capaz de levantar y ejecutar proyectos de construcci\u00f3n industrializada de viviendas sociales de alto est\u00e1ndar, que aporten a la soluci\u00f3n del problema habitacional y medioambiental en la regi\u00f3n, es el principal objetivo de un proyecto estrat\u00e9gico liderado por Corfo, que se ejecutar\u00e1 durante los pr\u00f3ximos a\u00f1os en \u00d1uble. As\u00ed lo anunci\u00f3 su directora regional, Macarena D\u00e1vila, junto al Gobernador de \u00d1uble, \u00d3scar Cris\u00f3stomo; los seremis de Econom\u00eda y Vivienda, Erick Solo de Zald\u00edvar y Antonio Marchant; el director regional de Serviu, Roberto Grand\u00f3n; y el presidente de la C\u00e1mara Chilena de la Construcci\u00f3n de Chill\u00e1n, Ricardo Salman.<\/p>\n<p style=\"text-align: justify;\">\u201cEn concordancia con la estrategia del gobierno del Presidente Gabriel Boric, en la l\u00ednea de disminuir el d\u00e9ficit habitacional en Chile y hacerlo con una perspectiva de sostenibilidad, y en coordinaci\u00f3n con el Gobierno Regional de \u00d1uble, que estableci\u00f3 entre sus prioridades trabajar por mejorar las condiciones habitacionales de quienes viven en esta regi\u00f3n, definimos desarrollar un proyecto en torno a la Construcci\u00f3n Industrializada de Viviendas Sustentables, que nos permita articular a los actores relevantes y \u00a0apoyar a las empresas que conforman la cadena productiva de esta actividad, a trav\u00e9s de la formaci\u00f3n, inversi\u00f3n y transferencia tecnol\u00f3gica\u201d, explic\u00f3 Macarena D\u00e1vila, directora regional de Corfo \u00d1uble.<\/p>\n<p style=\"text-align: justify;\">El gobernador regional, \u00d3scar Cris\u00f3stomo, se refiri\u00f3 a importancia que tiene este tema para su gesti\u00f3n y coment\u00f3 que han estado trabajando junto a otras instituciones desde hace m\u00e1s de un a\u00f1o en el impulso de la Construcci\u00f3n Industrializada de Viviendas, en iniciativas como un seminario t\u00e9cnico y el levantamiento de un programa Activa Inversi\u00f3n de Corfo con este foco. \u201cEl \u00e1rea de la construcci\u00f3n, particularmente, hoy requiere un empuje distinto y por eso nos hemos comprometido diversas instituciones para sacarla adelante. Estamos trabajando para impulsar a este sector de la econom\u00eda que nos va a permitir dar soluci\u00f3n habitacional a miles de \u00f1ublensinos y \u00f1ublensinas que hoy est\u00e1n esperando un lugar donde vivir, y mejorar la calidad de vida, seguridad y tranquilidad de las personas de nuestra regi\u00f3n\u201d indic\u00f3.<\/p>\n<p style=\"text-align: justify;\">Seg\u00fan se\u00f1al\u00f3 Macarena D\u00e1vila, la iniciativa comenzar\u00e1 con la constituci\u00f3n de una gobernanza integrada por instituciones p\u00fablicas, privadas y acad\u00e9micas, que trabajar\u00e1 en la definici\u00f3n de desaf\u00edos del rubro territorialmente pertinentes, que ser\u00e1n abordados a trav\u00e9s de instrumentos de Corfo y otras entidades estatales. \u201cLos recursos bajar\u00e1n a trav\u00e9s de distintas l\u00edneas de financiamiento. Partiremos por solicitar capitales para ejecutar un Programa Territorial Integrado, que nos permita realizar una validaci\u00f3n estrat\u00e9gica del sector y trabajar por tres a\u00f1os con empresas de la cadena de valor de esta actividad, en iniciativas y proyectos que apunten a mejorar su competitividad\u201d, puntualiz\u00f3 la directora.<\/p>\n<p style=\"text-align: justify;\">D\u00e9ficit habitacional y crisis medioambiental<\/p>\n<p style=\"text-align: justify;\">De acuerdo con lo se\u00f1alado por la autoridad de Corfo, el sector de la construcci\u00f3n es considerado mundialmente como una de las principales fuentes de contaminaci\u00f3n medioambiental, por lo que desde la Corporaci\u00f3n se han establecido lineamientos estrat\u00e9gicos para impulsar el desarrollo de proyectos sustentables en esta \u00e1rea, como son Construye 2025 e iniciativas similares a la que se anuncia para \u00d1uble, en Biob\u00edo y La Araucan\u00eda.<\/p>\n<p style=\"text-align: justify;\">El seremi de Vivienda y Urbanismo de \u00d1uble, Antonio Marchant, destac\u00f3 la iniciativa que se alinea a los prop\u00f3sitos del Plan de Emergencia Habitacional de su cartera. \u201cNuestro Plan de Emergencia Habitacional no solo tiene una meta de construcci\u00f3n de viviendas, que son 6.557 para nuestra regi\u00f3n, sino que tambi\u00e9n busca incorporar nuevas metodolog\u00edas de trabajo y tendencias que permitan acelerar los procesos y dar respuesta a las personas de manera m\u00e1s r\u00e1pida y limpia\u201d, se\u00f1al\u00f3.<\/p>\n<p style=\"text-align: justify;\">El presidente de la C\u00e1mara Chilena de la Construcci\u00f3n, Ricardo Salman, valor\u00f3 el esfuerzo de Corfo, el Ministerio de Econom\u00eda y el Gobierno Regional, de generar esta instancia de articulaci\u00f3n y apalancamiento de recursos. \u00a0\u201cSin duda este proyecto viene a responder y a ser consecuente con el Plan de Emergencia Habitacional de este Gobierno. Nosotros estamos apuntando a generar una industria de la construcci\u00f3n 2.0, que incorpore verdaderos avaneces en tecnolog\u00eda, de manera que podamos resolver el problema habitacional en un mediano plazo\u201d, coment\u00f3.<\/p>\n","protected":false},"excerpt":{"rendered":"<p>\u00d1uble, junio 2023: La medida contempla apalancar recursos para formaci\u00f3n, transferencia tecnol\u00f3gica e inversi\u00f3n. Contribuir al desarrollo de una industria capaz de levantar y ejecutar proyectos de construcci\u00f3n industrializada de viviendas sociales de alto&#46;&#46;&#46;<\/p>\n","protected":false},"author":2,"featured_media":28660,"comment_status":"closed","ping_status":"open","sticky":false,"template":"","format":"standard","meta":{"footnotes":""},"categories":[1],"tags":[478,1115,1678,1726,8,6,117],"class_list":["post-28659","post","type-post","status-publish","format-standard","has-post-thumbnail","hentry","category-noticias","tag-corfo","tag-noticias","tag-nuble","tag-viviendas","tag-yungay","tag-yungayino","tag-yungayinocl"],"_links":{"self":[{"href":"https:\/\/www.yungayino.cl\/noticias\/index.php?rest_route=\/wp\/v2\/posts\/28659","targetHints":{"allow":["GET"]}}],"collection":[{"href":"https:\/\/www.yungayino.cl\/noticias\/index.php?rest_route=\/wp\/v2\/posts"}],"about":[{"href":"https:\/\/www.yungayino.cl\/noticias\/index.php?rest_route=\/wp\/v2\/types\/post"}],"author":[{"embeddable":true,"href":"https:\/\/www.yungayino.cl\/noticias\/index.php?rest_route=\/wp\/v2\/users\/2"}],"replies":[{"embeddable":true,"href":"https:\/\/www.yungayino.cl\/noticias\/index.php?rest_route=%2Fwp%2Fv2%2Fcomments&post=28659"}],"version-history":[{"count":2,"href":"https:\/\/www.yungayino.cl\/noticias\/index.php?rest_route=\/wp\/v2\/posts\/28659\/revisions"}],"predecessor-version":[{"id":28662,"href":"https:\/\/www.yungayino.cl\/noticias\/index.php?rest_route=\/wp\/v2\/posts\/28659\/revisions\/28662"}],"wp:featuredmedia":[{"embeddable":true,"href":"https:\/\/www.yungayino.cl\/noticias\/index.php?rest_route=\/wp\/v2\/media\/28660"}],"wp:attachment":[{"href":"https:\/\/www.yungayino.cl\/noticias\/index.php?rest_route=%2Fwp%2Fv2%2Fmedia&parent=28659"}],"wp:term":[{"taxonomy":"category","embeddable":true,"href":"https:\/\/www.yungayino.cl\/noticias\/index.php?rest_route=%2Fwp%2Fv2%2Fcategories&post=28659"},{"taxonomy":"post_tag","embeddable":true,"href":"https:\/\/www.yungayino.cl\/noticias\/index.php?rest_route=%2Fwp%2Fv2%2Ftags&post=28659"}],"curies":[{"name":"wp","href":"https:\/\/api.w.org\/{rel}","templated":true}]}}