{"id":28663,"date":"2023-06-27T11:00:29","date_gmt":"2023-06-27T15:00:29","guid":{"rendered":"http:\/\/www.yungayino.cl\/noticias\/?p=28663"},"modified":"2023-06-27T16:43:12","modified_gmt":"2023-06-27T20:43:12","slug":"senda-previene-celebracion-del-mes-de-la-prevencion-en-la-comuna","status":"publish","type":"post","link":"https:\/\/www.yungayino.cl\/noticias\/?p=28663","title":{"rendered":"SENDA Previene: Celebraci\u00f3n Del Mes De La Prevenci\u00f3n En La Comuna"},"content":{"rendered":"<p><img loading=\"lazy\" decoding=\"async\" class=\"alignnone wp-image-28664 size-full\" src=\"http:\/\/www.yungayino.cl\/noticias\/wp-content\/uploads\/2023\/06\/portada-1.jpg\" alt=\"\" width=\"700\" height=\"350\" srcset=\"https:\/\/www.yungayino.cl\/noticias\/wp-content\/uploads\/2023\/06\/portada-1.jpg 700w, https:\/\/www.yungayino.cl\/noticias\/wp-content\/uploads\/2023\/06\/portada-1-300x150.jpg 300w\" sizes=\"auto, (max-width: 700px) 100vw, 700px\" \/><\/p>\n<p style=\"text-align: justify;\">Yungay, junio 2023: Cada 26 de junio, desde 1987, la Asamblea General de las Naciones Unidas estableci\u00f3 el D\u00eda Internacional de la Prevenci\u00f3n del Consumo de Drogas, como una muestra de determinaci\u00f3n para fortalecer las actividades necesarias y alcanzar el objetivo de una sociedad internacional libre del abuso de drogas. En l\u00ednea con esta conmemoraci\u00f3n, SENDA (Servicio Nacional para la Prevenci\u00f3n y Rehabilitaci\u00f3n del Consumo de Drogas y Alcohol) despliega anualmente diversas actividades en todo el pa\u00eds durante el mes de la prevenci\u00f3n del consumo de alcohol y drogas.<\/p>\n<p style=\"text-align: justify;\">En esta ocasi\u00f3n, Senda Previene, en colaboraci\u00f3n con distintos establecimientos educacionales de la comuna, celebr\u00f3 el Mes de la Prevenci\u00f3n con el concurso interescolar de pintura \u00abPreviene a tu pinta\u00bb. El evento tuvo como objetivo promover la prevenci\u00f3n del consumo de drogas y alcohol entre los estudiantes, utilizando el arte como una herramienta para transmitir mensajes positivos y concienciar sobre los riesgos asociados al consumo.<\/p>\n<p style=\"text-align: justify;\">El alcalde (s) Guillermo Saavedra Jim\u00e9nez, presente en el concurso, elogi\u00f3 a todos los participantes por demostrar sus talentos y dedicaci\u00f3n en la expresi\u00f3n art\u00edstica. Reconoci\u00f3 el valor de utilizar el arte como medio para transmitir mensajes de prevenci\u00f3n y conciencia sobre el consumo de sustancias nocivas. Adem\u00e1s, resalt\u00f3 la importancia de estas iniciativas para educar a los j\u00f3venes y promover estilos de vida saludables en la comunidad.<\/p>\n<p style=\"text-align: justify;\">En este Mes de la Prevenci\u00f3n, es fundamental destacar el esfuerzo de SENDA y la colaboraci\u00f3n de los establecimientos educacionales y la comunidad en general para enfrentar el desaf\u00edo de prevenir el consumo de drogas y alcohol.<\/p>\n<p>&nbsp;<\/p>\n<p style=\"text-align: justify;\">[su_button url=\u00bbhttps:\/\/www.facebook.com\/media\/set\/?vanity=yungayino.cl&amp;set=a.6955076171174029&#8243; target=\u00bbblank\u00bb size=\u00bb7&#8243; radius=\u00bbround\u00bb icon=\u00bbicon: facebook-square\u00bb]FOTOGRAF\u00cdAS &#8211; SENDA Previene: Celebraci\u00f3n Del Mes De La Prevenci\u00f3n En La Comuna[\/su_button]<\/p>\n","protected":false},"excerpt":{"rendered":"<p>Yungay, junio 2023: Cada 26 de junio, desde 1987, la Asamblea General de las Naciones Unidas estableci\u00f3 el D\u00eda Internacional de la Prevenci\u00f3n del Consumo de Drogas, como una muestra de determinaci\u00f3n para fortalecer&#46;&#46;&#46;<\/p>\n","protected":false},"author":2,"featured_media":28664,"comment_status":"closed","ping_status":"open","sticky":false,"template":"","format":"standard","meta":{"footnotes":""},"categories":[1],"tags":[1621,1115,2845,1974,8,6,117],"class_list":["post-28663","post","type-post","status-publish","format-standard","has-post-thumbnail","hentry","category-noticias","tag-concurso","tag-noticias","tag-previene-a-tu-pinta","tag-senda","tag-yungay","tag-yungayino","tag-yungayinocl"],"_links":{"self":[{"href":"https:\/\/www.yungayino.cl\/noticias\/index.php?rest_route=\/wp\/v2\/posts\/28663","targetHints":{"allow":["GET"]}}],"collection":[{"href":"https:\/\/www.yungayino.cl\/noticias\/index.php?rest_route=\/wp\/v2\/posts"}],"about":[{"href":"https:\/\/www.yungayino.cl\/noticias\/index.php?rest_route=\/wp\/v2\/types\/post"}],"author":[{"embeddable":true,"href":"https:\/\/www.yungayino.cl\/noticias\/index.php?rest_route=\/wp\/v2\/users\/2"}],"replies":[{"embeddable":true,"href":"https:\/\/www.yungayino.cl\/noticias\/index.php?rest_route=%2Fwp%2Fv2%2Fcomments&post=28663"}],"version-history":[{"count":4,"href":"https:\/\/www.yungayino.cl\/noticias\/index.php?rest_route=\/wp\/v2\/posts\/28663\/revisions"}],"predecessor-version":[{"id":28667,"href":"https:\/\/www.yungayino.cl\/noticias\/index.php?rest_route=\/wp\/v2\/posts\/28663\/revisions\/28667"}],"wp:featuredmedia":[{"embeddable":true,"href":"https:\/\/www.yungayino.cl\/noticias\/index.php?rest_route=\/wp\/v2\/media\/28664"}],"wp:attachment":[{"href":"https:\/\/www.yungayino.cl\/noticias\/index.php?rest_route=%2Fwp%2Fv2%2Fmedia&parent=28663"}],"wp:term":[{"taxonomy":"category","embeddable":true,"href":"https:\/\/www.yungayino.cl\/noticias\/index.php?rest_route=%2Fwp%2Fv2%2Fcategories&post=28663"},{"taxonomy":"post_tag","embeddable":true,"href":"https:\/\/www.yungayino.cl\/noticias\/index.php?rest_route=%2Fwp%2Fv2%2Ftags&post=28663"}],"curies":[{"name":"wp","href":"https:\/\/api.w.org\/{rel}","templated":true}]}}