{"id":28669,"date":"2023-06-27T16:00:34","date_gmt":"2023-06-27T20:00:34","guid":{"rendered":"http:\/\/www.yungayino.cl\/noticias\/?p=28669"},"modified":"2023-06-27T16:49:03","modified_gmt":"2023-06-27T20:49:03","slug":"celebracion-del-mes-del-medio-ambiente-en-la-escuela-fernando-baquedano","status":"publish","type":"post","link":"https:\/\/www.yungayino.cl\/noticias\/?p=28669","title":{"rendered":"Celebraci\u00f3n Del Mes Del Medio Ambiente En La Escuela Fernando Baquedano"},"content":{"rendered":"<p><img loading=\"lazy\" decoding=\"async\" class=\"alignnone wp-image-28670 size-full\" src=\"http:\/\/www.yungayino.cl\/noticias\/wp-content\/uploads\/2023\/06\/escuela-fernando-baquedano.jpg\" alt=\"\" width=\"700\" height=\"350\" srcset=\"https:\/\/www.yungayino.cl\/noticias\/wp-content\/uploads\/2023\/06\/escuela-fernando-baquedano.jpg 700w, https:\/\/www.yungayino.cl\/noticias\/wp-content\/uploads\/2023\/06\/escuela-fernando-baquedano-300x150.jpg 300w\" sizes=\"auto, (max-width: 700px) 100vw, 700px\" \/><\/p>\n<p style=\"text-align: justify;\">Yungay, junio 2023: El alcalde (s) Guillermo Saavedra Jim\u00e9nez tuvo el honor de participar en la ceremonia de conmemoraci\u00f3n del mes del medio ambiente, organizada por la Escuela Fernando Baquedano. El evento, que se llev\u00f3 a cabo en nuestra Biblioteca P\u00fablica, cont\u00f3 con la participaci\u00f3n de diversos establecimientos educacionales de la comuna.<\/p>\n<p style=\"text-align: justify;\">Una de las actividades destacadas durante la ceremonia fue la entrega de premios a los participantes del concurso de pintura \u00abTenemos una sola tierra\u00bb, organizado por la escuela. Los estudiantes demostraron su creatividad y compromiso con el medio ambiente a trav\u00e9s de sus obras, que reflejaron la importancia de cuidar y preservar nuestro entorno natural.<\/p>\n<p style=\"text-align: justify;\">Adem\u00e1s, la celebraci\u00f3n cont\u00f3 con la presencia de las reconocidas forestales Arauco, Mininco y CMPC, quienes se sumaron a la iniciativa entregando plantas nativas a la Escuela Fernando Baquedano. Estas plantas ser\u00e1n distribuidas por la escuela a la comunidad, fomentando as\u00ed la reforestaci\u00f3n y el amor por la flora aut\u00f3ctona en la comuna. La colaboraci\u00f3n de estas importantes empresas demuestra su compromiso con la sustentabilidad y su inter\u00e9s en contribuir al cuidado del medio ambiente.<\/p>\n<p style=\"text-align: justify;\">El alcalde (s) Saavedra Jim\u00e9nez expres\u00f3 su agradecimiento a la Escuela Fernando Baquedano por su dedicaci\u00f3n y liderazgo en la organizaci\u00f3n de este evento. Destac\u00f3 la importancia de educar a las generaciones futuras sobre la protecci\u00f3n del medio ambiente y el valor de los recursos naturales. Asimismo, felicit\u00f3 a los estudiantes ganadores del concurso de pintura y agradeci\u00f3 a las forestales Arauco, Mininco y CMPC por su colaboraci\u00f3n y compromiso con la comunidad.<\/p>\n","protected":false},"excerpt":{"rendered":"<p>Yungay, junio 2023: El alcalde (s) Guillermo Saavedra Jim\u00e9nez tuvo el honor de participar en la ceremonia de conmemoraci\u00f3n del mes del medio ambiente, organizada por la Escuela Fernando Baquedano. El evento, que se&#46;&#46;&#46;<\/p>\n","protected":false},"author":2,"featured_media":28670,"comment_status":"closed","ping_status":"open","sticky":false,"template":"","format":"standard","meta":{"footnotes":""},"categories":[1],"tags":[190,904,1115,8,6,117],"class_list":["post-28669","post","type-post","status-publish","format-standard","has-post-thumbnail","hentry","category-noticias","tag-escuela-fernando-baquedano","tag-medio-ambiente","tag-noticias","tag-yungay","tag-yungayino","tag-yungayinocl"],"_links":{"self":[{"href":"https:\/\/www.yungayino.cl\/noticias\/index.php?rest_route=\/wp\/v2\/posts\/28669","targetHints":{"allow":["GET"]}}],"collection":[{"href":"https:\/\/www.yungayino.cl\/noticias\/index.php?rest_route=\/wp\/v2\/posts"}],"about":[{"href":"https:\/\/www.yungayino.cl\/noticias\/index.php?rest_route=\/wp\/v2\/types\/post"}],"author":[{"embeddable":true,"href":"https:\/\/www.yungayino.cl\/noticias\/index.php?rest_route=\/wp\/v2\/users\/2"}],"replies":[{"embeddable":true,"href":"https:\/\/www.yungayino.cl\/noticias\/index.php?rest_route=%2Fwp%2Fv2%2Fcomments&post=28669"}],"version-history":[{"count":1,"href":"https:\/\/www.yungayino.cl\/noticias\/index.php?rest_route=\/wp\/v2\/posts\/28669\/revisions"}],"predecessor-version":[{"id":28671,"href":"https:\/\/www.yungayino.cl\/noticias\/index.php?rest_route=\/wp\/v2\/posts\/28669\/revisions\/28671"}],"wp:featuredmedia":[{"embeddable":true,"href":"https:\/\/www.yungayino.cl\/noticias\/index.php?rest_route=\/wp\/v2\/media\/28670"}],"wp:attachment":[{"href":"https:\/\/www.yungayino.cl\/noticias\/index.php?rest_route=%2Fwp%2Fv2%2Fmedia&parent=28669"}],"wp:term":[{"taxonomy":"category","embeddable":true,"href":"https:\/\/www.yungayino.cl\/noticias\/index.php?rest_route=%2Fwp%2Fv2%2Fcategories&post=28669"},{"taxonomy":"post_tag","embeddable":true,"href":"https:\/\/www.yungayino.cl\/noticias\/index.php?rest_route=%2Fwp%2Fv2%2Ftags&post=28669"}],"curies":[{"name":"wp","href":"https:\/\/api.w.org\/{rel}","templated":true}]}}