{"id":28672,"date":"2023-06-28T07:00:20","date_gmt":"2023-06-28T11:00:20","guid":{"rendered":"http:\/\/www.yungayino.cl\/noticias\/?p=28672"},"modified":"2023-06-27T16:51:50","modified_gmt":"2023-06-27T20:51:50","slug":"comienza-a-operar-el-plan-de-nuevos-territorios-en-desarrollo-en-ocho-comunas-de-nuble","status":"publish","type":"post","link":"https:\/\/www.yungayino.cl\/noticias\/?p=28672","title":{"rendered":"Comienza A Operar El Plan De Nuevos Territorios En Desarrollo En Ocho Comunas De \u00d1uble"},"content":{"rendered":"<p><img loading=\"lazy\" decoding=\"async\" class=\"alignnone wp-image-28673 size-full\" src=\"http:\/\/www.yungayino.cl\/noticias\/wp-content\/uploads\/2023\/06\/nuevos-territorios.jpg\" alt=\"\" width=\"700\" height=\"350\" srcset=\"https:\/\/www.yungayino.cl\/noticias\/wp-content\/uploads\/2023\/06\/nuevos-territorios.jpg 700w, https:\/\/www.yungayino.cl\/noticias\/wp-content\/uploads\/2023\/06\/nuevos-territorios-300x150.jpg 300w\" sizes=\"auto, (max-width: 700px) 100vw, 700px\" \/><\/p>\n<p style=\"text-align: justify;\">\u00d1uble, junio 2023: Se trata de una nueva Zona de Rezago, como era llamada anteriormente, que considera ocho comunas de sectores cordilleranos principalmente. Hoy se firmaron los convenios para dar inicio a esta pol\u00edtica de equidad territorial en \u00d1iqu\u00e9n y San Fabi\u00e1n.<\/p>\n<p style=\"text-align: justify;\">Con la firma del convenio en \u00d1iqu\u00e9n y en San Fabi\u00e1n, se dio inicio al Plan de Nuevos Territorios en Desarrollo &#8211; Cordillera, que busca la equidad territorial de ocho comunas de la Regi\u00f3n de \u00d1uble y que se suma a la actual Zona de Rezago del Valle del Itata. El Gobernador Regional, \u00d3scar Cris\u00f3stomo, se traslad\u00f3 hasta ambas comunas, para dar inicio formal, a trav\u00e9s de la firma de un convenio, a esta pol\u00edtica que busca apoyar las comunas m\u00e1s rezagadas de la regi\u00f3n.<\/p>\n<p style=\"text-align: justify;\">De acuerdo al informe elaborado por la Subsecretar\u00eda de Desarrollo Regional, Subdere, las comunas que cumplen con los criterios para integrar el Nuevo Territorio en Desarrollo \u2013 Cordillera, corresponden a Bulnes, El Carmen, Pemuco, Pinto, San Carlos, Coihueco, \u00d1iqu\u00e9n y San Fabi\u00e1n, y quedan a la espera de un posible ingreso, San Ignacio y <strong>Yungay<\/strong>.<\/p>\n<p style=\"text-align: justify;\">Ser\u00e1 por medio de un proceso participativo de aproximadamente seis meses, donde se implementar\u00e1n mesas de trabajo en los territorios priorizados en materia h\u00eddrica, conectividad vial, emprendimiento, seguridad ciudadana, desarrollo capital humano, entre otras. Luego de socializar los resultados de este trabajo comunitario con los servicios relacionados, se elaborar\u00e1 un diagn\u00f3stico y se definir\u00e1 una cartera de iniciativas a ejecutar durante un periodo de cuatro a\u00f1os.<\/p>\n<p style=\"text-align: justify;\">Al finalizar las firmas de convenio, el Coordinador Regional de Territorios en Desarrollo de \u00d1uble, Jorge Romero, sostuvo que \u201ceste inicio de programas permitir\u00e1 el trabajo en conjunto entre el municipio, las comunidades y la institucionalidad p\u00fablica, con la finalidad de abordar las diversas problem\u00e1ticas que tengan las comunas, en este nuevo plan que se denomina Cordillera y que est\u00e1 conformado por ocho comunas en una primera instancia, que es todo el cord\u00f3n monta\u00f1oso que tenemos dentro de la Regi\u00f3n de \u00d1uble y se suman a las nueve comunas que hoy d\u00eda ya est\u00e1n trabajando que es la Zona de Rezago Itata\u201d.<\/p>\n<p style=\"text-align: justify;\">Para el Alcalde de San Fabi\u00e1n, Claudio Almuna, esta incorporaci\u00f3n es \u201cmuy relevante porque tenemos muchas ideas de proyecto y tal como lo anunciaba el Gobernador Cris\u00f3stomo, esto va a venir de la mano de un trabajo comunitario, donde las personas van a poder priorizar las iniciativas de desarrollo del territorio y por eso se agradece el trabajo, coordinado a trav\u00e9s del Gobierno Regional de \u00d1uble, que nos va a permitir avanzar en el futuro de San Fabi\u00e1n. As\u00ed que muy contento y esperamos que, de aqu\u00ed en adelante, surjan m\u00e1s proyectos que vengan en beneficio de la comunidad\u201d.<\/p>\n<p style=\"text-align: justify;\">En la misma l\u00ednea, el alcalde de \u00d1iqu\u00e9n, Alexis M\u00e9ndez, se\u00f1al\u00f3 que \u201cnuestro Gobernador \u00d3scar Cris\u00f3stomo nos trae esta excelente noticia que incorpora a la comuna de \u00d1iqu\u00e9n en estas comunas que nos va a ayudar a tener m\u00e1s recursos, generar m\u00e1s proyectos y generar un plan de trabajo en algunos temas, va a permitir m\u00e1s desarrollo y sustentabilidad a nuestra comuna de \u00d1iqu\u00e9n\u201d.<\/p>\n<p style=\"text-align: justify;\">Excepcionalmente la Regi\u00f3n de \u00d1uble, contar\u00e1 durante casi dos a\u00f1os, con dos Territorios en Desarrollo, debido a que la actual Zona de Rezago, que se ejecuta en nueve comunas pertenecientes al Valle del Itata, tendr\u00e1 una vigencia hasta junio del a\u00f1o 2025.<\/p>\n","protected":false},"excerpt":{"rendered":"<p>\u00d1uble, junio 2023: Se trata de una nueva Zona de Rezago, como era llamada anteriormente, que considera ocho comunas de sectores cordilleranos principalmente. Hoy se firmaron los convenios para dar inicio a esta pol\u00edtica&#46;&#46;&#46;<\/p>\n","protected":false},"author":2,"featured_media":28673,"comment_status":"closed","ping_status":"open","sticky":false,"template":"","format":"standard","meta":{"footnotes":""},"categories":[1],"tags":[1115,2846,8,6,117],"class_list":["post-28672","post","type-post","status-publish","format-standard","has-post-thumbnail","hentry","category-noticias","tag-noticias","tag-plan-nuevos-territorios","tag-yungay","tag-yungayino","tag-yungayinocl"],"_links":{"self":[{"href":"https:\/\/www.yungayino.cl\/noticias\/index.php?rest_route=\/wp\/v2\/posts\/28672","targetHints":{"allow":["GET"]}}],"collection":[{"href":"https:\/\/www.yungayino.cl\/noticias\/index.php?rest_route=\/wp\/v2\/posts"}],"about":[{"href":"https:\/\/www.yungayino.cl\/noticias\/index.php?rest_route=\/wp\/v2\/types\/post"}],"author":[{"embeddable":true,"href":"https:\/\/www.yungayino.cl\/noticias\/index.php?rest_route=\/wp\/v2\/users\/2"}],"replies":[{"embeddable":true,"href":"https:\/\/www.yungayino.cl\/noticias\/index.php?rest_route=%2Fwp%2Fv2%2Fcomments&post=28672"}],"version-history":[{"count":1,"href":"https:\/\/www.yungayino.cl\/noticias\/index.php?rest_route=\/wp\/v2\/posts\/28672\/revisions"}],"predecessor-version":[{"id":28674,"href":"https:\/\/www.yungayino.cl\/noticias\/index.php?rest_route=\/wp\/v2\/posts\/28672\/revisions\/28674"}],"wp:featuredmedia":[{"embeddable":true,"href":"https:\/\/www.yungayino.cl\/noticias\/index.php?rest_route=\/wp\/v2\/media\/28673"}],"wp:attachment":[{"href":"https:\/\/www.yungayino.cl\/noticias\/index.php?rest_route=%2Fwp%2Fv2%2Fmedia&parent=28672"}],"wp:term":[{"taxonomy":"category","embeddable":true,"href":"https:\/\/www.yungayino.cl\/noticias\/index.php?rest_route=%2Fwp%2Fv2%2Fcategories&post=28672"},{"taxonomy":"post_tag","embeddable":true,"href":"https:\/\/www.yungayino.cl\/noticias\/index.php?rest_route=%2Fwp%2Fv2%2Ftags&post=28672"}],"curies":[{"name":"wp","href":"https:\/\/api.w.org\/{rel}","templated":true}]}}