{"id":28686,"date":"2023-07-01T07:00:37","date_gmt":"2023-07-01T11:00:37","guid":{"rendered":"http:\/\/www.yungayino.cl\/noticias\/?p=28686"},"modified":"2023-07-02T18:24:14","modified_gmt":"2023-07-02T22:24:14","slug":"autoridades-de-salud-potencian-llamado-a-la-autocuidado-y-buen-uso-de-la-red-asistencial","status":"publish","type":"post","link":"https:\/\/www.yungayino.cl\/noticias\/?p=28686","title":{"rendered":"Autoridades De Salud Potencian Llamado A La Autocuidado Y Buen Uso De La Red Asistencial"},"content":{"rendered":"<p><img loading=\"lazy\" decoding=\"async\" class=\"alignnone wp-image-28687 size-full\" src=\"http:\/\/www.yungayino.cl\/noticias\/wp-content\/uploads\/2023\/06\/Llamado-buen-uso-de-la-Red.jpg\" alt=\"\" width=\"700\" height=\"350\" srcset=\"https:\/\/www.yungayino.cl\/noticias\/wp-content\/uploads\/2023\/06\/Llamado-buen-uso-de-la-Red.jpg 700w, https:\/\/www.yungayino.cl\/noticias\/wp-content\/uploads\/2023\/06\/Llamado-buen-uso-de-la-Red-300x150.jpg 300w\" sizes=\"auto, (max-width: 700px) 100vw, 700px\" \/><\/p>\n<p style=\"text-align: justify;\">\u00d1uble, julio 2023: Producto de la demanda de prestaciones por enfermedades respiratorias, el Servicio de Salud \u00d1uble (SS\u00d1) junto a la Seremi de Salud reforzaron la importancia de la prevenci\u00f3n y del uso correcto de los dispositivos de urgencia, de cara a los d\u00edas festivos que se avecinan.<\/p>\n<p style=\"text-align: justify;\">Ante el escenario actual, marcado por una mayor cantidad de hospitalizaciones pedi\u00e1tricas a ra\u00edz de las enfermedades respiratorias, el llamado reiterado de las autoridades de salud ha sido a la prevenci\u00f3n; al buen uso de la red asistencial y a la detecci\u00f3n oportuna de s\u00edntomas de alerta de este tipo de patolog\u00edas. Si bien los equipos en todos los niveles de atenci\u00f3n han sido fortalecidos, la proximidad de un d\u00eda festivo, que, para muchos se transformar\u00e1 en un fin de semana extralargo, refuerza la importancia del autocuidado para evitar complicaciones de salud.<\/p>\n<p style=\"text-align: justify;\">En esa l\u00ednea, la Directora del SS\u00d1, Elizabeth Abarca Trivi\u00f1o, destac\u00f3 que \u201cestamos completamente operativos en todo lo que tiene que ver con nuestros dispositivos de urgencia y de gesti\u00f3n de camas cr\u00edticas. Si bien, nuestra red se encuentra tensionada, hemos visto las \u00faltimas semanas un descenso de las consultas por enfermedades respiratorias, lo que esperamos se mantenga. Las medidas que adoptemos hoy, ser\u00e1n claves para enfrentar de mejor manera las pr\u00f3ximas semanas\u201d.<\/p>\n<p style=\"text-align: justify;\">\u201cSin embargo, no debemos bajar la guardia, en ese sentido, es importante hacer un fuerte llamado al autocuidado y al buen uso de la red. La recomendaci\u00f3n general es que las personas acudan primero al Centro de Salud Familiar, CESFAM, donde le podr\u00e1n entregar la primera atenci\u00f3n, cuando la sintomatolog\u00eda no es de alta complejidad. Si \u00e9l o la paciente, requiere atenci\u00f3n despu\u00e9s de las 17 horas, por un problema de salud que no puede esperar hasta el d\u00eda siguiente, debe dirigirse al Servicio de Atenci\u00f3n Primaria de Urgencia (SAPU), al Servicio de Urgencia Rural (SUR) o al Servicio de Urgencia de Alta Resolutividad (SAR). Para casos de alta complejidad, est\u00e1n las urgencias hospitalarias, que atienden de acuerdo con la gravedad del paciente\u201d, recalc\u00f3 la directiva.<\/p>\n<p style=\"text-align: justify;\">Autocuidado y vacunaci\u00f3n: claves para frenar los contagios<\/p>\n<p style=\"text-align: justify;\">Las autoridades reiteraron una vez m\u00e1s el llamado a tomar en consideraci\u00f3n las medidas preventivas, ya que son fundamentales para cortar la cadena de contagios. La Seremi de Salud \u00d1uble, Ximena Salinas Urrutia, fue enf\u00e1tica en se\u00f1alar que, \u201cvamos en un 72% de inmunizaci\u00f3n contra la Influenza, que es sobre el promedio nacional. Contamos con 17 puntos nuevos de inoculaci\u00f3n, y nuestra atenci\u00f3n primaria est\u00e1 activada, incluso visitando a domicilio a las personas que se les dificulta el traslado. El llamado es a continuar vacun\u00e1ndose, especialmente embarazadas, cr\u00f3nicos y adultos mayores, y tambi\u00e9n al autocuidado. Es importante durante este tiempo usar mascarilla, principalmente en caso de tener s\u00edntomas respiratorios, en aglomeraciones y en el trasporte p\u00fablico. Asimismo, evitar exponer a los ni\u00f1os a lugares de mucho p\u00fablico como los centros comerciales\u201d.<\/p>\n<p style=\"text-align: justify;\">Estado de la Red Asistencial<\/p>\n<p style=\"text-align: justify;\">Actualmente, la Unidad de Paciente Cr\u00edtico Pedi\u00e1trico del Hospital de Chill\u00e1n contin\u00faa tensionada, sin embargo a\u00fan no ha sido necesario trasladar a pacientes a un recinto hospitalario de otra regi\u00f3n del pa\u00eds. \u201cEl porcentaje de utilizaci\u00f3n de camas cr\u00edticas pedi\u00e1tricas es bastante din\u00e1mico, en el trascurso del d\u00eda pueden ocurrir variaciones. Si bien, estamos en una situaci\u00f3n bastante sobre exigida, nuestro compromiso es dar respuesta a los requerimientos de salud de la comunidad\u201d, precis\u00f3 la Directora del SS\u00d1.<\/p>\n<p style=\"text-align: justify;\">En caso de dudas o requerir orientaci\u00f3n, ya sea por sintomatolog\u00eda o para el proceso de inmunizaci\u00f3n, existen las l\u00edneas telef\u00f3nicas Salud Responde, 600 360 7777, o Servicio de Salud \u00d1uble Te Orienta, 800 123 591.<\/p>\n","protected":false},"excerpt":{"rendered":"<p>\u00d1uble, julio 2023: Producto de la demanda de prestaciones por enfermedades respiratorias, el Servicio de Salud \u00d1uble (SS\u00d1) junto a la Seremi de Salud reforzaron la importancia de la prevenci\u00f3n y del uso correcto&#46;&#46;&#46;<\/p>\n","protected":false},"author":2,"featured_media":28687,"comment_status":"closed","ping_status":"open","sticky":false,"template":"","format":"standard","meta":{"footnotes":""},"categories":[1],"tags":[1115,65,8,6,117],"class_list":["post-28686","post","type-post","status-publish","format-standard","has-post-thumbnail","hentry","category-noticias","tag-noticias","tag-salud","tag-yungay","tag-yungayino","tag-yungayinocl"],"_links":{"self":[{"href":"https:\/\/www.yungayino.cl\/noticias\/index.php?rest_route=\/wp\/v2\/posts\/28686","targetHints":{"allow":["GET"]}}],"collection":[{"href":"https:\/\/www.yungayino.cl\/noticias\/index.php?rest_route=\/wp\/v2\/posts"}],"about":[{"href":"https:\/\/www.yungayino.cl\/noticias\/index.php?rest_route=\/wp\/v2\/types\/post"}],"author":[{"embeddable":true,"href":"https:\/\/www.yungayino.cl\/noticias\/index.php?rest_route=\/wp\/v2\/users\/2"}],"replies":[{"embeddable":true,"href":"https:\/\/www.yungayino.cl\/noticias\/index.php?rest_route=%2Fwp%2Fv2%2Fcomments&post=28686"}],"version-history":[{"count":2,"href":"https:\/\/www.yungayino.cl\/noticias\/index.php?rest_route=\/wp\/v2\/posts\/28686\/revisions"}],"predecessor-version":[{"id":28689,"href":"https:\/\/www.yungayino.cl\/noticias\/index.php?rest_route=\/wp\/v2\/posts\/28686\/revisions\/28689"}],"wp:featuredmedia":[{"embeddable":true,"href":"https:\/\/www.yungayino.cl\/noticias\/index.php?rest_route=\/wp\/v2\/media\/28687"}],"wp:attachment":[{"href":"https:\/\/www.yungayino.cl\/noticias\/index.php?rest_route=%2Fwp%2Fv2%2Fmedia&parent=28686"}],"wp:term":[{"taxonomy":"category","embeddable":true,"href":"https:\/\/www.yungayino.cl\/noticias\/index.php?rest_route=%2Fwp%2Fv2%2Fcategories&post=28686"},{"taxonomy":"post_tag","embeddable":true,"href":"https:\/\/www.yungayino.cl\/noticias\/index.php?rest_route=%2Fwp%2Fv2%2Ftags&post=28686"}],"curies":[{"name":"wp","href":"https:\/\/api.w.org\/{rel}","templated":true}]}}