{"id":28698,"date":"2023-07-04T07:00:46","date_gmt":"2023-07-04T11:00:46","guid":{"rendered":"http:\/\/www.yungayino.cl\/noticias\/?p=28698"},"modified":"2023-06-27T17:09:43","modified_gmt":"2023-06-27T21:09:43","slug":"minas-nuble-es-declarado-paso-priorizado-por-argentina-y-chile","status":"publish","type":"post","link":"https:\/\/www.yungayino.cl\/noticias\/?p=28698","title":{"rendered":"Minas-\u00d1uble Es Declarado Paso Priorizado Por Argentina Y Chile"},"content":{"rendered":"<p><img loading=\"lazy\" decoding=\"async\" class=\"alignnone wp-image-28699 size-full\" src=\"http:\/\/www.yungayino.cl\/noticias\/wp-content\/uploads\/2023\/06\/minas-nuble.jpg\" alt=\"\" width=\"700\" height=\"350\" srcset=\"https:\/\/www.yungayino.cl\/noticias\/wp-content\/uploads\/2023\/06\/minas-nuble.jpg 700w, https:\/\/www.yungayino.cl\/noticias\/wp-content\/uploads\/2023\/06\/minas-nuble-300x150.jpg 300w\" sizes=\"auto, (max-width: 700px) 100vw, 700px\" \/><\/p>\n<p style=\"text-align: justify;\">\u00d1uble, julio 2023: Este es el hito m\u00e1s importante alcanzado en materia de conectividad internacional entre \u00d1uble y Neuqu\u00e9n, y que permitir\u00e1 avanzar en estudios y recursos para la implementaci\u00f3n definitiva del paso fronterizo.<\/p>\n<p style=\"text-align: justify;\">Fue en la reuni\u00f3n anual del Grupo T\u00e9cnico Mixto Argentino-Chileno, instancia en la que se eval\u00faa y monitorea la infraestructura y obras de conectividad entre ambos pa\u00edses, donde se defini\u00f3 que el Paso Minas \u00d1uble pasar\u00e1 a integrar la lista de pasos internacionales priorizados, quedando en el lugar n\u00famero 27 dentro de este plan maestro.<\/p>\n<p style=\"text-align: justify;\">La noticia la dio a conocer el Gobernador Regional, \u00d3scar Cris\u00f3stomo, quien a menos de dos a\u00f1os de su gesti\u00f3n ha llevado adelante varios hitos en torno a la internacionalizaci\u00f3n de la regi\u00f3n a trav\u00e9s del paso fronterizo que une San Fabi\u00e1n con la provincia argentina de Neuqu\u00e9n.<\/p>\n<p style=\"text-align: justify;\">En efecto, las gestiones comenzaron en septiembre del 2021, cuando la autoridad regional se reuni\u00f3 con el Embajador de Argentina en Chile, Rafel Bielsa, para iniciar las conversaciones respecto a la habilitaci\u00f3n del paso. Luego en septiembre del 2022, con motivo del Encuentro Binacional de Los Lagos que se desarroll\u00f3 en \u00d1uble, se firm\u00f3 un compromiso para concretar las obras fronterizas con el gobernador trasandino, Omar Guti\u00e9rrez. En enero de este a\u00f1o, el Gobernador Cris\u00f3stomo firm\u00f3, en plena cordillera de San Fabi\u00e1n y junto a parte del Consejo Regional, el convenio para financiar el estudio del trazado del camino internacional y finalmente, en abril particip\u00f3 de la habilitaci\u00f3n de la ruta argentina que conecta San Fabi\u00e1n con la localidad de las Ovejas en la Provincia de Neuqu\u00e9n.<\/p>\n<p style=\"text-align: justify;\">Como un gran hito en t\u00e9rminos de internacionalizaci\u00f3n de la Regi\u00f3n de \u00d1uble, calific\u00f3 el Gobernador Cris\u00f3stomo la noticia quien enfatiz\u00f3 que \u201chace dos a\u00f1os que asumimos el Gobierno Regional y en este tiempo hemos tenido avances decididos para poder contar con un paso internacional que nos abra los caminos de cultura, social, y tambi\u00e9n de nuestra econom\u00eda\u201d.\u00a0 Esta semana, agreg\u00f3 Cris\u00f3stomo, \u201cla embajadora B\u00e1rbara Figueroa, quien ha tenido un compromiso expl\u00edcito para poder apoyarnos, nos ha confirmado que Minas \u00d1uble, se transforma en el paso n\u00famero 27, oficializado y priorizado por ambas naciones, por lo tanto, este es un hito simb\u00f3lico muy importante, que reafirma el compromiso que tiene, no solamente nuestra regi\u00f3n, sino que ambos pa\u00edses para poder estrechar lazos y tambi\u00e9n abrir un paso que permita reforzar los \u00e1mbitos sociales, cultural y econ\u00f3micos; porque hay que recordar que este paso es el\u00a0 paso m\u00e1s bajo del sur de Chile,\u00a0 por lo tanto, puede transformarse en la alternativa cuando Los Libertadores est\u00e9 cerrado\u201d.<\/p>\n<p style=\"text-align: justify;\">La m\u00e1xima autoridad regional tambi\u00e9n reconoci\u00f3 \u201cal alcalde Almuna, porque sin lugar a dudas, \u00e9l ha sido una persona que ha liderado muy efectivamente este proceso y creo este trabajo mancomunado est\u00e1 viendo frutos para nuestra regi\u00f3n\u201d.<\/p>\n<p style=\"text-align: justify;\">Nuevo estatus y oportunidades<\/p>\n<p style=\"text-align: justify;\">Asimismo, la embajadora de Chile en Argentina, B\u00e1rbara Figueroa, expres\u00f3 que \u201cesta es una gran noticia y un compromiso cumplido respecto de lo que abordamos en el Comit\u00e9 de Integraci\u00f3n que se realiz\u00f3 el a\u00f1o pasado en la regi\u00f3n de \u00d1uble. Que el Paso Minas \u00d1uble sea incorporado dentro del plan maestro, implica que ser\u00e1 un paso priorizado. Lo que viene a continuaci\u00f3n es un proceso para lograr la ejecuci\u00f3n de obras concretas, pero sin duda es un estatus que abre puertas y condiciones para estudios y recursos que permitan avanzar en la plena implementaci\u00f3n definitiva de este anhelado paso fronterizo de \u00d1uble y un avance concreto en la agenda del Gobierno Regional, en el sentido de potenciar el desarrollo, el crecimiento que hoy pasa tambi\u00e9n por una integraci\u00f3n fuerte, consolidada, que se haga cargo de los obst\u00e1culos, pero por sobre todo, que proyecte los desaf\u00edos de ambas naciones\u201d.<\/p>\n<p style=\"text-align: justify;\">Otros de los actores dentro de este proceso, el alcalde de San Fabi\u00e1n, Claudio Almuna, junto con\u00a0 agradecer las gestiones del Gobernador Cris\u00f3stomo, sostuvo que la definici\u00f3n que se llev\u00f3 a cabo en el Comit\u00e9 Mixto entre Argentina y Chile, \u201cnos va a permitir, como comuna de San Fabi\u00e1n, avanzar con algo concreto frente al paso internacional, porque ya somos prioridad entre las dos naciones; por eso estamos de verdad muy contentos, y agradecemos a todas las personas que han trabajado en que esta obra vaya avanzando con algo normativo, con algo que va a permitir que las cosas se regulen, que podamos progresar en el tema de los caminos, en el tema de los puentes, que podamos pensar c\u00f3mo vamos a idear un complejo fronterizo integrado entre los dos pa\u00edses, y c\u00f3mo vamos a poder aportar como comuna de San Fabi\u00e1n en el desarrollo de \u00d1uble, as\u00ed que hoy d\u00eda agradecido y lo m\u00e1s importante que hay que continuar adelante porque esto es in\u00e9dito\u201d.<\/p>\n<p style=\"text-align: justify;\">En el acta de la reuni\u00f3n bilateral del Grupo T\u00e9cnico Mixto, se establece que \u201cambas delegaciones coincidieron plenamente en la relevancia regional de este paso y en la necesidad de continuar promoviendo la pronta ejecuci\u00f3n de las obras y las medidas necesarias en ambos pa\u00edses que permitan mantenerlo operativo a la brevedad posible. En tal sentido, acordaron incorporar este paso al listado oficial de pasos fronterizos reconocidos y priorizados por ambos pa\u00edses actualmente -plasmado en el Plan Maestro 2014-2030-, con el objeto de seguir consolidando la conectividad entre los territorios de ambos pa\u00edses\u201d.<\/p>\n<p style=\"text-align: justify;\">El \u00faltimo paso fronterizo en territorio neuquino en recibir esta categorizaci\u00f3n hab\u00eda sido el paso Pichach\u00e9n, que obtuvo el aval del Grupo T\u00e9cnico Mixto en su reuni\u00f3n de 2014.<\/p>\n","protected":false},"excerpt":{"rendered":"<p>\u00d1uble, julio 2023: Este es el hito m\u00e1s importante alcanzado en materia de conectividad internacional entre \u00d1uble y Neuqu\u00e9n, y que permitir\u00e1 avanzar en estudios y recursos para la implementaci\u00f3n definitiva del paso fronterizo.&#46;&#46;&#46;<\/p>\n","protected":false},"author":2,"featured_media":28699,"comment_status":"closed","ping_status":"open","sticky":false,"template":"","format":"standard","meta":{"footnotes":""},"categories":[1],"tags":[1115,1678,2849,8,6,117],"class_list":["post-28698","post","type-post","status-publish","format-standard","has-post-thumbnail","hentry","category-noticias","tag-noticias","tag-nuble","tag-paso-fronterizo","tag-yungay","tag-yungayino","tag-yungayinocl"],"_links":{"self":[{"href":"https:\/\/www.yungayino.cl\/noticias\/index.php?rest_route=\/wp\/v2\/posts\/28698","targetHints":{"allow":["GET"]}}],"collection":[{"href":"https:\/\/www.yungayino.cl\/noticias\/index.php?rest_route=\/wp\/v2\/posts"}],"about":[{"href":"https:\/\/www.yungayino.cl\/noticias\/index.php?rest_route=\/wp\/v2\/types\/post"}],"author":[{"embeddable":true,"href":"https:\/\/www.yungayino.cl\/noticias\/index.php?rest_route=\/wp\/v2\/users\/2"}],"replies":[{"embeddable":true,"href":"https:\/\/www.yungayino.cl\/noticias\/index.php?rest_route=%2Fwp%2Fv2%2Fcomments&post=28698"}],"version-history":[{"count":2,"href":"https:\/\/www.yungayino.cl\/noticias\/index.php?rest_route=\/wp\/v2\/posts\/28698\/revisions"}],"predecessor-version":[{"id":28701,"href":"https:\/\/www.yungayino.cl\/noticias\/index.php?rest_route=\/wp\/v2\/posts\/28698\/revisions\/28701"}],"wp:featuredmedia":[{"embeddable":true,"href":"https:\/\/www.yungayino.cl\/noticias\/index.php?rest_route=\/wp\/v2\/media\/28699"}],"wp:attachment":[{"href":"https:\/\/www.yungayino.cl\/noticias\/index.php?rest_route=%2Fwp%2Fv2%2Fmedia&parent=28698"}],"wp:term":[{"taxonomy":"category","embeddable":true,"href":"https:\/\/www.yungayino.cl\/noticias\/index.php?rest_route=%2Fwp%2Fv2%2Fcategories&post=28698"},{"taxonomy":"post_tag","embeddable":true,"href":"https:\/\/www.yungayino.cl\/noticias\/index.php?rest_route=%2Fwp%2Fv2%2Ftags&post=28698"}],"curies":[{"name":"wp","href":"https:\/\/api.w.org\/{rel}","templated":true}]}}