{"id":28709,"date":"2023-06-30T07:00:16","date_gmt":"2023-06-30T11:00:16","guid":{"rendered":"http:\/\/www.yungayino.cl\/noticias\/?p=28709"},"modified":"2023-06-27T17:16:51","modified_gmt":"2023-06-27T21:16:51","slug":"nuevos-registros-de-huemul-en-nuble-ayudaran-a-su-conservacion-y-proteccion","status":"publish","type":"post","link":"https:\/\/www.yungayino.cl\/noticias\/?p=28709","title":{"rendered":"Nuevos Registros De Huemul En \u00d1uble Ayudar\u00e1n A Su Conservaci\u00f3n Y Protecci\u00f3n"},"content":{"rendered":"<p><img loading=\"lazy\" decoding=\"async\" class=\"alignnone wp-image-28710 size-full\" src=\"http:\/\/www.yungayino.cl\/noticias\/wp-content\/uploads\/2023\/06\/huemul.jpg\" alt=\"\" width=\"700\" height=\"404\" srcset=\"https:\/\/www.yungayino.cl\/noticias\/wp-content\/uploads\/2023\/06\/huemul.jpg 700w, https:\/\/www.yungayino.cl\/noticias\/wp-content\/uploads\/2023\/06\/huemul-300x173.jpg 300w, https:\/\/www.yungayino.cl\/noticias\/wp-content\/uploads\/2023\/06\/huemul-260x150.jpg 260w\" sizes=\"auto, (max-width: 700px) 100vw, 700px\" \/><\/p>\n<p style=\"text-align: justify;\">\u00d1uble, junio 2023: Durante la sesi\u00f3n del Grupo de Seguimiento del Plan de Conservaci\u00f3n del Huemul se inform\u00f3 sobre nuevos registros en la comuna de <strong>Yungay<\/strong>, con los que se podr\u00e1 avanzar en la obtenci\u00f3n de informaci\u00f3n valiosa como su distribuci\u00f3n, reproducci\u00f3n potencial y h\u00e1bitos.<\/p>\n<p style=\"text-align: justify;\">En el marco de los compromisos de la Resoluci\u00f3n de Calificaci\u00f3n Ambiental del Proyecto \u201cPeque\u00f1a Central de Pasada El Pinar\u201d, ubicado en la comuna de Yungay, se informaron avances respecto al Plan de Monitoreo del Huemul, que registr\u00f3 el avistamiento de una hembra de dicha especie; imagen obtenida por una c\u00e1mara trampa de alta tecnolog\u00eda, despu\u00e9s de a\u00f1os de registrar solo huellas.<\/p>\n<p style=\"text-align: justify;\">El avistamiento fue informado adem\u00e1s en la primera reuni\u00f3n a\u00f1o 2023 del Grupo de Seguimiento del Plan de Recuperaci\u00f3n, Conservaci\u00f3n y Gesti\u00f3n del Huemul (RECOGE), liderada por Conaf y la Seremi del Medio Ambiente de \u00d1uble, que cont\u00f3 con la presencia del Gobierno Regional, el Servicio Nacional de Turismo (Sernatur), Servicio Agr\u00edcola y Ganadero, representantes de la Universidad de Concepci\u00f3n, el Comit\u00e9 pro-defensa de la flora y fauna (Codeff) y ONG\u2019s como Aumen y Dosel, entre otros.<\/p>\n<p style=\"text-align: justify;\">El Plan Recoge tiene como meta aumentar en un 10% la poblaci\u00f3n de esta especie amenazada a trav\u00e9s de 48 l\u00edneas de acci\u00f3n, entre las que se destacan el mapeo de amenazas para las familias de huemul y proyectos de investigaci\u00f3n adecuados a levantar.<\/p>\n<p style=\"text-align: justify;\">El seremi del Medio Ambiente de \u00d1uble, Mario Rivas, sostuvo: \u201cSi bien comenzamos con un proyecto en conjunto con la FAO para la protecci\u00f3n de especies amenazadas como el Huemul, actualmente contar con un Plan Recoge para esta especie nos ha permitido articular acciones con organismos gubernamentales, fundaciones, universidades y empresas, para consolidar una estrategia a 12 a\u00f1os y avanzar en el cumplimiento de las acciones propuestas\u201d.<\/p>\n<p style=\"text-align: justify;\">En tanto, \u201cen uno de los focos tambi\u00e9n trabajamos en activar el Plan de Acci\u00f3n Binacional con pares de Argentina para establecer medidas bilaterales, y durante agosto participar\u00e9 en la XVII Reuni\u00f3n de la Subcomisi\u00f3n de Medio Ambiente Chile-Argentina para avanzar en el tema\u00bb, agreg\u00f3.<\/p>\n<p style=\"text-align: justify;\">Por su parte, el director regional de Conaf, Juan Salvador, a\u00f1adi\u00f3 que \u201des importante, porque a nivel regional alimenta nuestra base de datos, lo que es sumamente significativo para nuestro Corredor Biol\u00f3gico Nevados de Chill\u00e1n &#8211; Laguna Laja, que involucra tanto a la regi\u00f3n de \u00d1uble como del Biob\u00edo, ya que nos permite sistematizar la georreferenciaci\u00f3n y geolocalizaci\u00f3n del Huemul\u201d.<\/p>\n<p style=\"text-align: justify;\">Cabe destacar que las c\u00e1maras trampa son equipos instalados en distintos puntos de una zona espec\u00edfica como \u00e1rboles y rocas, que permiten, en este caso, detectar la fauna silvestre como el huemul, con el objetivo de obtener informaci\u00f3n valiosa respecto a sus h\u00e1bitos, desplazamiento y reproducci\u00f3n de manera diurna y nocturna.<\/p>\n","protected":false},"excerpt":{"rendered":"<p>\u00d1uble, junio 2023: Durante la sesi\u00f3n del Grupo de Seguimiento del Plan de Conservaci\u00f3n del Huemul se inform\u00f3 sobre nuevos registros en la comuna de Yungay, con los que se podr\u00e1 avanzar en la&#46;&#46;&#46;<\/p>\n","protected":false},"author":2,"featured_media":28710,"comment_status":"closed","ping_status":"open","sticky":false,"template":"","format":"standard","meta":{"footnotes":""},"categories":[1],"tags":[1645,904,1115,8,6,117],"class_list":["post-28709","post","type-post","status-publish","format-standard","has-post-thumbnail","hentry","category-noticias","tag-huemul","tag-medio-ambiente","tag-noticias","tag-yungay","tag-yungayino","tag-yungayinocl"],"_links":{"self":[{"href":"https:\/\/www.yungayino.cl\/noticias\/index.php?rest_route=\/wp\/v2\/posts\/28709","targetHints":{"allow":["GET"]}}],"collection":[{"href":"https:\/\/www.yungayino.cl\/noticias\/index.php?rest_route=\/wp\/v2\/posts"}],"about":[{"href":"https:\/\/www.yungayino.cl\/noticias\/index.php?rest_route=\/wp\/v2\/types\/post"}],"author":[{"embeddable":true,"href":"https:\/\/www.yungayino.cl\/noticias\/index.php?rest_route=\/wp\/v2\/users\/2"}],"replies":[{"embeddable":true,"href":"https:\/\/www.yungayino.cl\/noticias\/index.php?rest_route=%2Fwp%2Fv2%2Fcomments&post=28709"}],"version-history":[{"count":1,"href":"https:\/\/www.yungayino.cl\/noticias\/index.php?rest_route=\/wp\/v2\/posts\/28709\/revisions"}],"predecessor-version":[{"id":28711,"href":"https:\/\/www.yungayino.cl\/noticias\/index.php?rest_route=\/wp\/v2\/posts\/28709\/revisions\/28711"}],"wp:featuredmedia":[{"embeddable":true,"href":"https:\/\/www.yungayino.cl\/noticias\/index.php?rest_route=\/wp\/v2\/media\/28710"}],"wp:attachment":[{"href":"https:\/\/www.yungayino.cl\/noticias\/index.php?rest_route=%2Fwp%2Fv2%2Fmedia&parent=28709"}],"wp:term":[{"taxonomy":"category","embeddable":true,"href":"https:\/\/www.yungayino.cl\/noticias\/index.php?rest_route=%2Fwp%2Fv2%2Fcategories&post=28709"},{"taxonomy":"post_tag","embeddable":true,"href":"https:\/\/www.yungayino.cl\/noticias\/index.php?rest_route=%2Fwp%2Fv2%2Ftags&post=28709"}],"curies":[{"name":"wp","href":"https:\/\/api.w.org\/{rel}","templated":true}]}}