{"id":28720,"date":"2023-06-27T18:00:32","date_gmt":"2023-06-27T22:00:32","guid":{"rendered":"http:\/\/www.yungayino.cl\/noticias\/?p=28720"},"modified":"2023-06-28T18:23:57","modified_gmt":"2023-06-28T22:23:57","slug":"equipo-de-emergencia-se-traslada-en-helicoptero-hasta-el-lado-sur-de-la-rivera-del-rio-cholguan","status":"publish","type":"post","link":"https:\/\/www.yungayino.cl\/noticias\/?p=28720","title":{"rendered":"Equipo De Emergencia Se Traslada En Helic\u00f3ptero Hasta El Lado Sur De La Rivera Del R\u00edo Cholgu\u00e1n"},"content":{"rendered":"<p><img loading=\"lazy\" decoding=\"async\" class=\"alignnone wp-image-28722 size-full\" src=\"http:\/\/www.yungayino.cl\/noticias\/wp-content\/uploads\/2023\/06\/helicoptero-ayuda-portada.jpg\" alt=\"\" width=\"700\" height=\"467\" srcset=\"https:\/\/www.yungayino.cl\/noticias\/wp-content\/uploads\/2023\/06\/helicoptero-ayuda-portada.jpg 700w, https:\/\/www.yungayino.cl\/noticias\/wp-content\/uploads\/2023\/06\/helicoptero-ayuda-portada-300x200.jpg 300w, https:\/\/www.yungayino.cl\/noticias\/wp-content\/uploads\/2023\/06\/helicoptero-ayuda-portada-225x150.jpg 225w\" sizes=\"auto, (max-width: 700px) 100vw, 700px\" \/><\/p>\n<p style=\"text-align: justify;\">Yungay, junio 2023: Desde el Recinto Trilaleo, en una destacada colaboraci\u00f3n entre el Municipio, SENAPRED y Carabineros de Chile, se ha desplegado un importante recurso para brindar ayuda a las familias aisladas en Santa Luc\u00eda Bajo, quienes se encuentran afectadas por la emergencia provocada por intensas lluvias.<\/p>\n<p style=\"text-align: justify;\">Un equipo de emergencia, compuesto por personal m\u00e9dico y de apoyo, nuevamente se traslad\u00f3 en helic\u00f3ptero hasta el sector para entregar v\u00edveres y agua, adem\u00e1s de brindar atenci\u00f3n m\u00e9dica a las personas afectadas en el lado sur de la ribera del r\u00edo Cholgu\u00e1n.<\/p>\n<p style=\"text-align: justify;\">El helic\u00f3ptero permiti\u00f3 llegar a \u00e1reas aisladas que han sido inaccesibles debido a los cortes de ruta provocados por la emergencia. Adem\u00e1s de entregar suministros de primera necesidad y atenci\u00f3n m\u00e9dica, el equipo de emergencia llev\u00f3 a cabo en terreno la aplicaci\u00f3n de la encuesta FIBE (Ficha B\u00e1sica de Emergencia), la cual recopila informaci\u00f3n detallada sobre la situaci\u00f3n de cada familia. Esta evaluaci\u00f3n abarca aspectos como vivienda, salud, alimentaci\u00f3n, educaci\u00f3n y otros, permitiendo una distribuci\u00f3n efectiva y r\u00e1pida de la ayuda seg\u00fan las necesidades identificadas.<\/p>\n<p style=\"text-align: justify;\">Adem\u00e1s, en una noticia alentadora, una vecina que presentaba problemas m\u00e9dicos fue trasladada hasta Yungay y lleg\u00f3 a la comuna en muy buenas condiciones. Esta acci\u00f3n demuestra la importancia de contar con un transporte adecuado para atender emergencias m\u00e9dicas y garantizar el bienestar de nuestra comunidad.<\/p>\n<p style=\"text-align: justify;\">Para los pr\u00f3ximos d\u00edas se tiene programado un nuevo vuelo junto al SAG (Servicio Agr\u00edcola Ganadero), con el objetivo de proporcionar alimentos e implementos necesarios para los animales tambi\u00e9n afectados por la emergencia. Esta acci\u00f3n busca brindar apoyo integral a la comunidad en su conjunto.<\/p>\n<p style=\"text-align: justify;\">El compromiso del municipio y las instituciones involucradas se mantiene firme en brindar apoyo integral a las familias afectadas en la comuna. La colaboraci\u00f3n entre Carabineros de Chile, SENAPRED y las autoridades locales contin\u00faa siendo fundamental para superar los desaf\u00edos actuales y trabajar hacia la recuperaci\u00f3n y reconstrucci\u00f3n de nuestra comunidad.<\/p>\n<p style=\"text-align: justify;\">El alcalde, Rafael Cifuentes Rodr\u00edguez, agradeci\u00f3 el esfuerzo conjunto y el apoyo de todos los involucrados para asegurar que la ayuda llegue donde m\u00e1s se necesita. La seguridad y el bienestar de nuestros vecinos y vecinas siguen siendo nuestra m\u00e1xima prioridad.<\/p>\n","protected":false},"excerpt":{"rendered":"<p>Yungay, junio 2023: Desde el Recinto Trilaleo, en una destacada colaboraci\u00f3n entre el Municipio, SENAPRED y Carabineros de Chile, se ha desplegado un importante recurso para brindar ayuda a las familias aisladas en Santa&#46;&#46;&#46;<\/p>\n","protected":false},"author":2,"featured_media":28721,"comment_status":"closed","ping_status":"open","sticky":false,"template":"","format":"standard","meta":{"footnotes":""},"categories":[1],"tags":[25,2844,1115,2852,8,6,117],"class_list":["post-28720","post","type-post","status-publish","format-standard","has-post-thumbnail","hentry","category-noticias","tag-carabineros","tag-emergencia","tag-noticias","tag-senapred","tag-yungay","tag-yungayino","tag-yungayinocl"],"_links":{"self":[{"href":"https:\/\/www.yungayino.cl\/noticias\/index.php?rest_route=\/wp\/v2\/posts\/28720","targetHints":{"allow":["GET"]}}],"collection":[{"href":"https:\/\/www.yungayino.cl\/noticias\/index.php?rest_route=\/wp\/v2\/posts"}],"about":[{"href":"https:\/\/www.yungayino.cl\/noticias\/index.php?rest_route=\/wp\/v2\/types\/post"}],"author":[{"embeddable":true,"href":"https:\/\/www.yungayino.cl\/noticias\/index.php?rest_route=\/wp\/v2\/users\/2"}],"replies":[{"embeddable":true,"href":"https:\/\/www.yungayino.cl\/noticias\/index.php?rest_route=%2Fwp%2Fv2%2Fcomments&post=28720"}],"version-history":[{"count":1,"href":"https:\/\/www.yungayino.cl\/noticias\/index.php?rest_route=\/wp\/v2\/posts\/28720\/revisions"}],"predecessor-version":[{"id":28723,"href":"https:\/\/www.yungayino.cl\/noticias\/index.php?rest_route=\/wp\/v2\/posts\/28720\/revisions\/28723"}],"wp:featuredmedia":[{"embeddable":true,"href":"https:\/\/www.yungayino.cl\/noticias\/index.php?rest_route=\/wp\/v2\/media\/28721"}],"wp:attachment":[{"href":"https:\/\/www.yungayino.cl\/noticias\/index.php?rest_route=%2Fwp%2Fv2%2Fmedia&parent=28720"}],"wp:term":[{"taxonomy":"category","embeddable":true,"href":"https:\/\/www.yungayino.cl\/noticias\/index.php?rest_route=%2Fwp%2Fv2%2Fcategories&post=28720"},{"taxonomy":"post_tag","embeddable":true,"href":"https:\/\/www.yungayino.cl\/noticias\/index.php?rest_route=%2Fwp%2Fv2%2Ftags&post=28720"}],"curies":[{"name":"wp","href":"https:\/\/api.w.org\/{rel}","templated":true}]}}