{"id":28740,"date":"2023-06-30T10:00:17","date_gmt":"2023-06-30T14:00:17","guid":{"rendered":"http:\/\/www.yungayino.cl\/noticias\/?p=28740"},"modified":"2023-06-28T18:35:27","modified_gmt":"2023-06-28T22:35:27","slug":"21-medios-de-nuble-se-adjudicaron-los-fondos-de-medios-de-segegob","status":"publish","type":"post","link":"https:\/\/www.yungayino.cl\/noticias\/?p=28740","title":{"rendered":"21 Medios De \u00d1uble Se Adjudicaron Los Fondos De Medios De Segegob"},"content":{"rendered":"<p><img loading=\"lazy\" decoding=\"async\" class=\"alignnone wp-image-28741 size-full\" src=\"http:\/\/www.yungayino.cl\/noticias\/wp-content\/uploads\/2023\/06\/Fonto-de-Medios-2023-1.jpg\" alt=\"\" width=\"700\" height=\"410\" srcset=\"https:\/\/www.yungayino.cl\/noticias\/wp-content\/uploads\/2023\/06\/Fonto-de-Medios-2023-1.jpg 700w, https:\/\/www.yungayino.cl\/noticias\/wp-content\/uploads\/2023\/06\/Fonto-de-Medios-2023-1-300x176.jpg 300w, https:\/\/www.yungayino.cl\/noticias\/wp-content\/uploads\/2023\/06\/Fonto-de-Medios-2023-1-256x150.jpg 256w\" sizes=\"auto, (max-width: 700px) 100vw, 700px\" \/><\/p>\n<p style=\"text-align: justify;\">\u00d1uble, junio 2023: 13 radios, siete medios digitales y un canal de televisi\u00f3n fueron los ganadores de los Fondos de Medio que anualmente entrega el Ministerio Secretar\u00eda General de Gobierno y que este a\u00f1o contar\u00e1n con una inversi\u00f3n de m\u00e1s de $77 millones.<\/p>\n<p style=\"text-align: justify;\">Este a\u00f1o en \u00d1uble postularon cerca de 38 medios de comunicaci\u00f3n, 21 de ellos cumplieron con las bases y resultaron beneficiados por parte del organismo gubernamental, siendo de las comunas de San Carlos, Chill\u00e1n, El Carmen, Chill\u00e1n Viejo, Coelemu, <strong>Yungay<\/strong>, Quirihue y San Fabi\u00e1n.<\/p>\n<p style=\"text-align: justify;\">Valentina Pradenas Andrade, Seremi de Gobierno de la regi\u00f3n de \u00d1uble, expres\u00f3 su alegr\u00eda por los medios de comunicaci\u00f3n beneficiados. \u201cEstamos muy contentos porque este a\u00f1o en \u00d1uble se presentaron 38 proyectos, de los cuales resultaron admisibles 21, lo que se traduce en un muy buen porcentaje de acierto por parte de quienes postularon. Actualmente estamos en etapa firmas de convenio, donde los representantes de los medios llevan los documentos a los funcionarios y luego se har\u00e1, en una fecha por confirmar en julio, la ceremonia de adjudicaci\u00f3n en la que tambi\u00e9n se capacitar\u00e1 a los ganadores sobre el uso y rendici\u00f3n de los recursos. Volvemos a reiterar las felicitaciones para todos los medios que buscan siempre llegar con informaci\u00f3n a cada rinc\u00f3n de \u00d1uble\u201d, indic\u00f3 la autoridad.<\/p>\n<p style=\"text-align: justify;\">Los Fondos Concursables del Ministerio Secretar\u00eda General de Gobierno, divididos en Fondo de Fomento de Medios de Comunicaci\u00f3n Social y Fondo de Fortalecimiento de Organizaciones de Inter\u00e9s P\u00fablico, permiten financiar proyectos que promuevan derechos ciudadanos y el robustecimiento de la comunidad.<\/p>\n<p style=\"text-align: justify;\">Finalmente, desde la Seremi de Gobierno de \u00d1uble detallaron que el Fondo de Medios de Comunicaci\u00f3n Social Regional, Provincial y Comunal 2023 busca descentralizar los medios de comunicaci\u00f3n, permiti\u00e9ndoles financiar de forma adicional proyectos relativos a la realizaci\u00f3n, edici\u00f3n y difusi\u00f3n de programas o suplementos de car\u00e1cter regional o local que refuercen el rol de la comunicaci\u00f3n en el desarrollo social y cultural del pa\u00eds.<\/p>\n","protected":false},"excerpt":{"rendered":"<p>\u00d1uble, junio 2023: 13 radios, siete medios digitales y un canal de televisi\u00f3n fueron los ganadores de los Fondos de Medio que anualmente entrega el Ministerio Secretar\u00eda General de Gobierno y que este a\u00f1o&#46;&#46;&#46;<\/p>\n","protected":false},"author":2,"featured_media":28742,"comment_status":"closed","ping_status":"open","sticky":false,"template":"","format":"standard","meta":{"footnotes":""},"categories":[1],"tags":[2855,1115,1678,8,6,117],"class_list":["post-28740","post","type-post","status-publish","format-standard","has-post-thumbnail","hentry","category-noticias","tag-fondo-medios-de-comunicacion","tag-noticias","tag-nuble","tag-yungay","tag-yungayino","tag-yungayinocl"],"_links":{"self":[{"href":"https:\/\/www.yungayino.cl\/noticias\/index.php?rest_route=\/wp\/v2\/posts\/28740","targetHints":{"allow":["GET"]}}],"collection":[{"href":"https:\/\/www.yungayino.cl\/noticias\/index.php?rest_route=\/wp\/v2\/posts"}],"about":[{"href":"https:\/\/www.yungayino.cl\/noticias\/index.php?rest_route=\/wp\/v2\/types\/post"}],"author":[{"embeddable":true,"href":"https:\/\/www.yungayino.cl\/noticias\/index.php?rest_route=\/wp\/v2\/users\/2"}],"replies":[{"embeddable":true,"href":"https:\/\/www.yungayino.cl\/noticias\/index.php?rest_route=%2Fwp%2Fv2%2Fcomments&post=28740"}],"version-history":[{"count":1,"href":"https:\/\/www.yungayino.cl\/noticias\/index.php?rest_route=\/wp\/v2\/posts\/28740\/revisions"}],"predecessor-version":[{"id":28743,"href":"https:\/\/www.yungayino.cl\/noticias\/index.php?rest_route=\/wp\/v2\/posts\/28740\/revisions\/28743"}],"wp:featuredmedia":[{"embeddable":true,"href":"https:\/\/www.yungayino.cl\/noticias\/index.php?rest_route=\/wp\/v2\/media\/28742"}],"wp:attachment":[{"href":"https:\/\/www.yungayino.cl\/noticias\/index.php?rest_route=%2Fwp%2Fv2%2Fmedia&parent=28740"}],"wp:term":[{"taxonomy":"category","embeddable":true,"href":"https:\/\/www.yungayino.cl\/noticias\/index.php?rest_route=%2Fwp%2Fv2%2Fcategories&post=28740"},{"taxonomy":"post_tag","embeddable":true,"href":"https:\/\/www.yungayino.cl\/noticias\/index.php?rest_route=%2Fwp%2Fv2%2Ftags&post=28740"}],"curies":[{"name":"wp","href":"https:\/\/api.w.org\/{rel}","templated":true}]}}