{"id":28744,"date":"2023-07-01T20:00:23","date_gmt":"2023-07-02T00:00:23","guid":{"rendered":"http:\/\/www.yungayino.cl\/noticias\/?p=28744"},"modified":"2023-07-02T18:25:27","modified_gmt":"2023-07-02T22:25:27","slug":"reunion-entre-alcalde-y-jefe-de-division-de-presupuestos-del-gobierno-regional","status":"publish","type":"post","link":"https:\/\/www.yungayino.cl\/noticias\/?p=28744","title":{"rendered":"Reuni\u00f3n Entre Alcalde y Jefe de Divisi\u00f3n de Presupuestos del Gobierno Regional"},"content":{"rendered":"<p><img loading=\"lazy\" decoding=\"async\" class=\"alignnone wp-image-28745 size-full\" src=\"http:\/\/www.yungayino.cl\/noticias\/wp-content\/uploads\/2023\/07\/conectividad-santa-lucia.jpg\" alt=\"\" width=\"700\" height=\"350\" srcset=\"https:\/\/www.yungayino.cl\/noticias\/wp-content\/uploads\/2023\/07\/conectividad-santa-lucia.jpg 700w, https:\/\/www.yungayino.cl\/noticias\/wp-content\/uploads\/2023\/07\/conectividad-santa-lucia-300x150.jpg 300w\" sizes=\"auto, (max-width: 700px) 100vw, 700px\" \/><\/p>\n<p style=\"text-align: justify;\">Julio 2023: El Alcalde de Yungay, Rafael Cifuentes Rodr\u00edguez, ha llevado a cabo una importante reuni\u00f3n con el Jefe de Divisi\u00f3n de Presupuestos del Gobierno regional con el objetivo de gestionar recursos de emergencia para asegurar la conectividad en Santa Luc\u00eda Bajo.<\/p>\n<p style=\"text-align: justify;\">Consciente de la urgencia y la necesidad de restablecer la comunicaci\u00f3n en la zona afectada por la emergencia, el alcalde, Rafael Cifuentes Rodr\u00edguez, ha impulsado una reuni\u00f3n para buscar soluciones r\u00e1pidas y efectivas. Durante el encuentro con el equipo del Gobierno Regional, se abordaron las necesidades espec\u00edficas de Santa Luc\u00eda Bajo y se analizaron las posibilidades de asignar los recursos necesarios para llevar a cabo las obras de conectividad que incluyen el mejoramiento del camino y la reposici\u00f3n de la pasarela en el sector.<\/p>\n","protected":false},"excerpt":{"rendered":"<p>Julio 2023: El Alcalde de Yungay, Rafael Cifuentes Rodr\u00edguez, ha llevado a cabo una importante reuni\u00f3n con el Jefe de Divisi\u00f3n de Presupuestos del Gobierno regional con el objetivo de gestionar recursos de emergencia&#46;&#46;&#46;<\/p>\n","protected":false},"author":2,"featured_media":28745,"comment_status":"closed","ping_status":"open","sticky":false,"template":"","format":"standard","meta":{"footnotes":""},"categories":[1],"tags":[1115,8,6,117],"class_list":["post-28744","post","type-post","status-publish","format-standard","has-post-thumbnail","hentry","category-noticias","tag-noticias","tag-yungay","tag-yungayino","tag-yungayinocl"],"_links":{"self":[{"href":"https:\/\/www.yungayino.cl\/noticias\/index.php?rest_route=\/wp\/v2\/posts\/28744","targetHints":{"allow":["GET"]}}],"collection":[{"href":"https:\/\/www.yungayino.cl\/noticias\/index.php?rest_route=\/wp\/v2\/posts"}],"about":[{"href":"https:\/\/www.yungayino.cl\/noticias\/index.php?rest_route=\/wp\/v2\/types\/post"}],"author":[{"embeddable":true,"href":"https:\/\/www.yungayino.cl\/noticias\/index.php?rest_route=\/wp\/v2\/users\/2"}],"replies":[{"embeddable":true,"href":"https:\/\/www.yungayino.cl\/noticias\/index.php?rest_route=%2Fwp%2Fv2%2Fcomments&post=28744"}],"version-history":[{"count":1,"href":"https:\/\/www.yungayino.cl\/noticias\/index.php?rest_route=\/wp\/v2\/posts\/28744\/revisions"}],"predecessor-version":[{"id":28746,"href":"https:\/\/www.yungayino.cl\/noticias\/index.php?rest_route=\/wp\/v2\/posts\/28744\/revisions\/28746"}],"wp:featuredmedia":[{"embeddable":true,"href":"https:\/\/www.yungayino.cl\/noticias\/index.php?rest_route=\/wp\/v2\/media\/28745"}],"wp:attachment":[{"href":"https:\/\/www.yungayino.cl\/noticias\/index.php?rest_route=%2Fwp%2Fv2%2Fmedia&parent=28744"}],"wp:term":[{"taxonomy":"category","embeddable":true,"href":"https:\/\/www.yungayino.cl\/noticias\/index.php?rest_route=%2Fwp%2Fv2%2Fcategories&post=28744"},{"taxonomy":"post_tag","embeddable":true,"href":"https:\/\/www.yungayino.cl\/noticias\/index.php?rest_route=%2Fwp%2Fv2%2Ftags&post=28744"}],"curies":[{"name":"wp","href":"https:\/\/api.w.org\/{rel}","templated":true}]}}