{"id":28760,"date":"2023-07-05T16:00:50","date_gmt":"2023-07-05T20:00:50","guid":{"rendered":"http:\/\/www.yungayino.cl\/noticias\/?p=28760"},"modified":"2023-07-07T16:16:40","modified_gmt":"2023-07-07T20:16:40","slug":"servicio-de-salud-nuble-entrego-177-millones-para-iniciativas-comunitarias-que-benefician-a-las-y-los-vecinos-de-la-region","status":"publish","type":"post","link":"https:\/\/www.yungayino.cl\/noticias\/?p=28760","title":{"rendered":"Servicio De Salud \u00d1uble Entreg\u00f3 $177 Millones Para Iniciativas Comunitarias Que Benefician A Las y Los Vecinos De La Regi\u00f3n"},"content":{"rendered":"<p><img loading=\"lazy\" decoding=\"async\" class=\"alignnone wp-image-28761 size-full\" src=\"http:\/\/www.yungayino.cl\/noticias\/wp-content\/uploads\/2023\/07\/7juliocampanariotea.jpg\" alt=\"\" width=\"700\" height=\"350\" srcset=\"https:\/\/www.yungayino.cl\/noticias\/wp-content\/uploads\/2023\/07\/7juliocampanariotea.jpg 700w, https:\/\/www.yungayino.cl\/noticias\/wp-content\/uploads\/2023\/07\/7juliocampanariotea-300x150.jpg 300w\" sizes=\"auto, (max-width: 700px) 100vw, 700px\" \/><\/p>\n<p style=\"text-align: justify;\">\u00d1uble, julio 2023: Recursos traspasados por el Ministerio de Salud permiten reconocer buenas pr\u00e1cticas desarrolladas en el marco de las distintas acciones de fortalecimiento de la participaci\u00f3n ciudadana y del trabajo comunitario que se realiza en los territorios de la Regi\u00f3n.<\/p>\n<p style=\"text-align: justify;\">A trav\u00e9s del Programa de Buenas Pr\u00e1cticas en Participaci\u00f3n Ciudadana y Fortalecimiento Comunitario en la APS, 31 agrupaciones representantes de la comunidad, recibieron, de manos del Servicio de Salud \u00d1uble (SS\u00d1), un total de 177 millones de pesos, que les permitir\u00e1 ejecutar distintas iniciativas de salud.<\/p>\n<p style=\"text-align: justify;\">Recursos traspasados desde el Ministerio de Salud, que fueron entregados en una nueva sesi\u00f3n del Consejo Integrado de la Red Asistencial (CIRA), a las y los representantes de las organizaciones de la sociedad civil y de los distintos establecimientos de salud.<\/p>\n<p style=\"text-align: justify;\">\u201cNos reunimos, en un nuevo CIRA, donde tuvimos la oportunidad de entregar estos recursos, a trav\u00e9s de fondos de participaci\u00f3n, para distintas agrupaciones de la comunidad. Fueron m\u00e1s de 170 millones de pesos, los que pudimos distribuir para seguir avanzando en diversas materias y l\u00edneas que son propias de nuestra Atenci\u00f3n Primaria de Salud (APS)\u201d, se\u00f1al\u00f3 la Directora del SS\u00d1, Elizabeth Abarca Trivi\u00f1o.<\/p>\n<p style=\"text-align: justify;\">Asimismo, la directiva recalc\u00f3 que, \u201choy nos vamos muy contentos, porque estos fondos no tan s\u00f3lo van a beneficiar a nuestros usuarios internos, que son las y los funcionarios, sino que tambi\u00e9n van a ser proyectos que se desarrollar\u00e1n en conjunto con la comunidad. Queremos que cada recurso que se invierta se refleje en una mejor atenci\u00f3n, m\u00e1s comunitaria y colaborativa, y que, por supuesto, toda la comunidad se sienta parte de estas iniciativas que buscan mejorar distintos \u00e1mbitos de nuestra labor\u201d.<\/p>\n<p style=\"text-align: justify;\">Por su parte, la Jefa del Departamento de Participaci\u00f3n y Satisfacci\u00f3n Usuaria del SS\u00d1, Susana Y\u00e1\u00f1ez Vald\u00e9s, precis\u00f3 que, \u201chemos finalizado una etapa, que era la postulaci\u00f3n a este fondo ministerial, enfocado a trabajar las buenas pr\u00e1cticas en participaci\u00f3n ciudadana. Entregamos estos recursos a la APS, para fomentar la participaci\u00f3n ciudadana, la promoci\u00f3n de la salud y los cuidados comunitarios, lo que es muy importante, ya que, refuerza el compromiso que tenemos de que la salud debe ser con un enfoque comunitario y participativo\u201d.<\/p>\n<p style=\"text-align: justify;\">Aporte al trabajo comunitario<\/p>\n<p style=\"text-align: justify;\">Entre las l\u00edneas a fortalecer se encuentra el trabajo realizado para mejorar las prestaciones a personas con la condici\u00f3n del Espectro Autista, salud mental, neurodiversidad, sexualidad, kinesiolog\u00eda, rehabilitaci\u00f3n, salud dental, promoci\u00f3n de la salud, prevenci\u00f3n, dolor cr\u00f3nico no oncol\u00f3gico, inclusi\u00f3n, entre otros, que se desarrollar\u00e1n en Chill\u00e1n, Coihueco, Ninhue, Pemuco, San Nicol\u00e1s, <strong>Yungay<\/strong>, Trehuaco, San Carlos, \u00d1iqu\u00e9n, Portezuelo y Coelemu.<\/p>\n<p style=\"text-align: justify;\">Una de las iniciativas que obtuvo estos fondos fue \u201cEspacio Creaci\u00f3n\u201d, cuyo objetivo es concientizar y fomentar pr\u00e1cticas inclusivas que resguarden los derechos de salud de las personas neurodivergentes. En esa l\u00ednea, <strong>Cecilia Miranda, Presidenta de la \u201cAgrupaci\u00f3n TEA San Andr\u00e9s, Corazones Azules de Campanario<\/strong>, destac\u00f3 que, \u201cestamos muy contentos con la obtenci\u00f3n de estos recursos, ya que es un proyecto muy importante para toda nuestra familia TEA, puesto que no contamos con un espacio f\u00edsico, tras el incendio que destruy\u00f3 nuestro Centro de Salud, por lo que no existen las condiciones f\u00edsicas para atender a nuestros ni\u00f1os, ni\u00f1as y j\u00f3venes. Por ello, estamos felices ya que es una tremenda oportunidad de desarrollo\u201d.<\/p>\n<p style=\"text-align: justify;\">Asimismo, Ver\u00f3nica Llanos, Presidenta de la Asociaci\u00f3n de Padres, Madres y Apoderados de las Escuelas y Liceos Municipales de Chill\u00e1n, expres\u00f3 que, \u201ccuando partimos con esta iniciativa con el Cesfam Sol de Oriente, en beneficio de todos los ni\u00f1os de las escuelas y liceos de la comuna, nos pareci\u00f3 muy positivo, por lo que adjudicarnos estos 6 millones de pesos, permitir\u00e1 comenzar a trabajar en todos los establecimientos, difundiendo y entregando el cuento Hab\u00eda una vez, los hermanos Pipo y Lila, en los jardines infantiles y niveles de transici\u00f3n de la comuna. Estamos muy agradecidos de salud y que hoy realicen esta instancia para nosotros es muy importante y un gran paso\u201d.<\/p>\n","protected":false},"excerpt":{"rendered":"<p>\u00d1uble, julio 2023: Recursos traspasados por el Ministerio de Salud permiten reconocer buenas pr\u00e1cticas desarrolladas en el marco de las distintas acciones de fortalecimiento de la participaci\u00f3n ciudadana y del trabajo comunitario que se&#46;&#46;&#46;<\/p>\n","protected":false},"author":2,"featured_media":28761,"comment_status":"closed","ping_status":"open","sticky":false,"template":"","format":"standard","meta":{"footnotes":""},"categories":[1,1675,1676],"tags":[31,1115,1678,65,2857,8,6,117],"class_list":["post-28760","post","type-post","status-publish","format-standard","has-post-thumbnail","hentry","category-noticias","category-saludc","category-salud","tag-campanario","tag-noticias","tag-nuble","tag-salud","tag-tea","tag-yungay","tag-yungayino","tag-yungayinocl"],"_links":{"self":[{"href":"https:\/\/www.yungayino.cl\/noticias\/index.php?rest_route=\/wp\/v2\/posts\/28760","targetHints":{"allow":["GET"]}}],"collection":[{"href":"https:\/\/www.yungayino.cl\/noticias\/index.php?rest_route=\/wp\/v2\/posts"}],"about":[{"href":"https:\/\/www.yungayino.cl\/noticias\/index.php?rest_route=\/wp\/v2\/types\/post"}],"author":[{"embeddable":true,"href":"https:\/\/www.yungayino.cl\/noticias\/index.php?rest_route=\/wp\/v2\/users\/2"}],"replies":[{"embeddable":true,"href":"https:\/\/www.yungayino.cl\/noticias\/index.php?rest_route=%2Fwp%2Fv2%2Fcomments&post=28760"}],"version-history":[{"count":2,"href":"https:\/\/www.yungayino.cl\/noticias\/index.php?rest_route=\/wp\/v2\/posts\/28760\/revisions"}],"predecessor-version":[{"id":28763,"href":"https:\/\/www.yungayino.cl\/noticias\/index.php?rest_route=\/wp\/v2\/posts\/28760\/revisions\/28763"}],"wp:featuredmedia":[{"embeddable":true,"href":"https:\/\/www.yungayino.cl\/noticias\/index.php?rest_route=\/wp\/v2\/media\/28761"}],"wp:attachment":[{"href":"https:\/\/www.yungayino.cl\/noticias\/index.php?rest_route=%2Fwp%2Fv2%2Fmedia&parent=28760"}],"wp:term":[{"taxonomy":"category","embeddable":true,"href":"https:\/\/www.yungayino.cl\/noticias\/index.php?rest_route=%2Fwp%2Fv2%2Fcategories&post=28760"},{"taxonomy":"post_tag","embeddable":true,"href":"https:\/\/www.yungayino.cl\/noticias\/index.php?rest_route=%2Fwp%2Fv2%2Ftags&post=28760"}],"curies":[{"name":"wp","href":"https:\/\/api.w.org\/{rel}","templated":true}]}}