{"id":28777,"date":"2023-07-08T08:00:11","date_gmt":"2023-07-08T12:00:11","guid":{"rendered":"http:\/\/www.yungayino.cl\/noticias\/?p=28777"},"modified":"2023-07-07T16:31:19","modified_gmt":"2023-07-07T20:31:19","slug":"aprobacion-de-recursos-segunda-etapa-habilitacion-cesfam-de-campanario","status":"publish","type":"post","link":"https:\/\/www.yungayino.cl\/noticias\/?p=28777","title":{"rendered":"Aprobaci\u00f3n De Recursos Segunda Etapa Habilitaci\u00f3n CESFAM De Campanario"},"content":{"rendered":"<p><img loading=\"lazy\" decoding=\"async\" class=\"alignnone wp-image-28778 size-full\" src=\"http:\/\/www.yungayino.cl\/noticias\/wp-content\/uploads\/2023\/07\/7juliocampanario.jpg\" alt=\"\" width=\"700\" height=\"350\" srcset=\"https:\/\/www.yungayino.cl\/noticias\/wp-content\/uploads\/2023\/07\/7juliocampanario.jpg 700w, https:\/\/www.yungayino.cl\/noticias\/wp-content\/uploads\/2023\/07\/7juliocampanario-300x150.jpg 300w\" sizes=\"auto, (max-width: 700px) 100vw, 700px\" \/><\/p>\n<p style=\"text-align: justify;\">Campanario, julio 2023: Gracias al arduo trabajo y las gestiones realizadas por el alcalde Rafael Cifuentes Rodr\u00edguez y el Gobernador Regional, Sr. Oscar Cris\u00f3stomo Llanos, se ha logrado obtener la aprobaci\u00f3n de recursos destinados a la segunda etapa de la \u00abHabilitaci\u00f3n CESFAM Modular\u00bb para nuestra querida localidad.<\/p>\n<p style=\"text-align: justify;\">El Servicio de Salud \u00d1uble concret\u00f3 el traspaso de los recursos a los fondos del Departamento de Salud Municipal. Estos recursos ascienden a un monto significativo de $388.357.888, los cuales ser\u00e1n utilizados para seguir mejorando la infraestructura y los servicios de salud en Campanario.<\/p>\n<p style=\"text-align: justify;\">Es importante destacar que estos fondos fueron solicitados a trav\u00e9s de un proyecto denominado \u00abApoyo a la Gesti\u00f3n Local\u00bb, formulado por el Departamento de Salud y presentado al Ministerio de Salud a trav\u00e9s del Servicio de Salud \u00d1uble. Este traspaso de recursos representa un hito importante en nuestro camino hacia una atenci\u00f3n m\u00e9dica de calidad y accesible para todos los habitantes de Campanario.<\/p>\n<p style=\"text-align: justify;\">Esta segunda etapa de la \u00abHabilitaci\u00f3n CESFAM Modular\u00bb viene a complementar la primera, que se ejecut\u00f3 exitosamente el a\u00f1o pasado, con una inversi\u00f3n de 213 millones de pesos. Estos recursos fueron utilizados para la adquisici\u00f3n de 15 m\u00f3dulos y la reposici\u00f3n de equipos destinados a la atenci\u00f3n cl\u00ednica que resultaron da\u00f1ados por el lamentable incendio que afect\u00f3 al CESFAM de Campanario en febrero de 2022.<\/p>\n<p style=\"text-align: justify;\">Con esta nueva inversi\u00f3n se podr\u00e1 fortalecer y tener los servicios de atenci\u00f3n m\u00e9dica en un s\u00f3lo lugar, mejorando la calidad de vida de nuestra comunidad.<\/p>\n<p style=\"text-align: justify;\">Municipio contin\u00faa trabajando arduamente para continuar mejorando los servicios de salud en Campanario y garantizar el bienestar y la salud de todos nuestros vecinos.<\/p>\n","protected":false},"excerpt":{"rendered":"<p>Campanario, julio 2023: Gracias al arduo trabajo y las gestiones realizadas por el alcalde Rafael Cifuentes Rodr\u00edguez y el Gobernador Regional, Sr. Oscar Cris\u00f3stomo Llanos, se ha logrado obtener la aprobaci\u00f3n de recursos destinados&#46;&#46;&#46;<\/p>\n","protected":false},"author":2,"featured_media":28778,"comment_status":"closed","ping_status":"open","sticky":false,"template":"","format":"standard","meta":{"footnotes":""},"categories":[1],"tags":[31,440,1115,65,8,6,117],"class_list":["post-28777","post","type-post","status-publish","format-standard","has-post-thumbnail","hentry","category-noticias","tag-campanario","tag-cesfam","tag-noticias","tag-salud","tag-yungay","tag-yungayino","tag-yungayinocl"],"_links":{"self":[{"href":"https:\/\/www.yungayino.cl\/noticias\/index.php?rest_route=\/wp\/v2\/posts\/28777","targetHints":{"allow":["GET"]}}],"collection":[{"href":"https:\/\/www.yungayino.cl\/noticias\/index.php?rest_route=\/wp\/v2\/posts"}],"about":[{"href":"https:\/\/www.yungayino.cl\/noticias\/index.php?rest_route=\/wp\/v2\/types\/post"}],"author":[{"embeddable":true,"href":"https:\/\/www.yungayino.cl\/noticias\/index.php?rest_route=\/wp\/v2\/users\/2"}],"replies":[{"embeddable":true,"href":"https:\/\/www.yungayino.cl\/noticias\/index.php?rest_route=%2Fwp%2Fv2%2Fcomments&post=28777"}],"version-history":[{"count":1,"href":"https:\/\/www.yungayino.cl\/noticias\/index.php?rest_route=\/wp\/v2\/posts\/28777\/revisions"}],"predecessor-version":[{"id":28779,"href":"https:\/\/www.yungayino.cl\/noticias\/index.php?rest_route=\/wp\/v2\/posts\/28777\/revisions\/28779"}],"wp:featuredmedia":[{"embeddable":true,"href":"https:\/\/www.yungayino.cl\/noticias\/index.php?rest_route=\/wp\/v2\/media\/28778"}],"wp:attachment":[{"href":"https:\/\/www.yungayino.cl\/noticias\/index.php?rest_route=%2Fwp%2Fv2%2Fmedia&parent=28777"}],"wp:term":[{"taxonomy":"category","embeddable":true,"href":"https:\/\/www.yungayino.cl\/noticias\/index.php?rest_route=%2Fwp%2Fv2%2Fcategories&post=28777"},{"taxonomy":"post_tag","embeddable":true,"href":"https:\/\/www.yungayino.cl\/noticias\/index.php?rest_route=%2Fwp%2Fv2%2Ftags&post=28777"}],"curies":[{"name":"wp","href":"https:\/\/api.w.org\/{rel}","templated":true}]}}