{"id":28780,"date":"2023-07-08T09:00:44","date_gmt":"2023-07-08T13:00:44","guid":{"rendered":"http:\/\/www.yungayino.cl\/noticias\/?p=28780"},"modified":"2023-07-07T16:33:11","modified_gmt":"2023-07-07T20:33:11","slug":"exitoso-seminario-nuble-exporta-impulsa-la-expansion-internacional-de-las-pequenas-empresas-de-la-region","status":"publish","type":"post","link":"https:\/\/www.yungayino.cl\/noticias\/?p=28780","title":{"rendered":"Exitoso Seminario \u00ab\u00d1uble Exporta\u00bb Impulsa La Expansi\u00f3n Internacional De Las Peque\u00f1as Empresas De La Regi\u00f3n"},"content":{"rendered":"<p><img loading=\"lazy\" decoding=\"async\" class=\"alignnone wp-image-28781 size-full\" src=\"http:\/\/www.yungayino.cl\/noticias\/wp-content\/uploads\/2023\/07\/7julioexposicion.jpg\" alt=\"\" width=\"700\" height=\"351\" srcset=\"https:\/\/www.yungayino.cl\/noticias\/wp-content\/uploads\/2023\/07\/7julioexposicion.jpg 700w, https:\/\/www.yungayino.cl\/noticias\/wp-content\/uploads\/2023\/07\/7julioexposicion-300x150.jpg 300w, https:\/\/www.yungayino.cl\/noticias\/wp-content\/uploads\/2023\/07\/7julioexposicion-299x150.jpg 299w\" sizes=\"auto, (max-width: 700px) 100vw, 700px\" \/><\/p>\n<p style=\"text-align: justify;\">Yungay, julio 2023: En un evento trascendental para el desarrollo econ\u00f3mico de la regi\u00f3n, se llev\u00f3 a cabo el seminario \u00ab\u00d1uble Exporta: Expansi\u00f3n Internacional de peque\u00f1as empresas de \u00d1uble\u00bb, en la Biblioteca de Yungay. La iniciativa, organizada por la Universidad Sant\u00edsima Concepci\u00f3n en colaboraci\u00f3n con la Municipalidad de Yungay a trav\u00e9s de la Direcci\u00f3n de Desarrollo Econ\u00f3mico local y sustentabilidad, reuni\u00f3 a emprendedores y empresarios con el objetivo de proporcionarles las herramientas necesarias para incursionar en el mercado global.<\/p>\n<p style=\"text-align: justify;\">El seminario, parte del proyecto financiado por Corfo denominado \u00abAcademia de formaci\u00f3n para la expansi\u00f3n Internacional de las Pymes de \u00d1uble\u00bb, fue organizado por el Centro Regional para la Competitividad y el Emprendimiento de la Mipyme (CRECE+PYME) de la UCSC. Cont\u00f3 con una destacada presencia de expertos en el \u00e1rea, quienes compartieron sus conocimientos y experiencias en temas como el prop\u00f3sito y las generalidades de la expansi\u00f3n internacional, as\u00ed como la elaboraci\u00f3n de un plan de iniciaci\u00f3n y consolidaci\u00f3n internacional.<\/p>\n<p style=\"text-align: justify;\">La jornada fue un \u00e9xito rotundo, y cont\u00f3 con la participaci\u00f3n activa de emprendedores y empresarios de la comuna, especialmente del rubro vitivin\u00edcola, apicultura, frutos secos y berries. Los asistentes tuvieron la oportunidad de responder sus inquietudes sobre \u00e9l \u00e1rea, ampliar su visi\u00f3n de negocio y adquirir conocimientos clave para acceder a mercados internacionales prometedores.<\/p>\n<p style=\"text-align: justify;\">Al respecto, la directora de desarrollo econ\u00f3mico de Yungay, Claudia Harcha, en representaci\u00f3n del alcalde, Rafael Cifuentes Rodr\u00edguez, junto con expresar su satisfacci\u00f3n por seminario, destac\u00f3 la importancia de seguir fortaleciendo la internacionalizaci\u00f3n de las peque\u00f1as empresas de la comuna. \u00abEste es el primer paso para entender c\u00f3mo funciona la exportaci\u00f3n y continuaremos capacitando a las empresas y microempresas de la comuna. Nuestro objetivo es impulsar el crecimiento y la expansi\u00f3n de los emprendimientos locales, abriendo nuevos horizontes comerciales y generando oportunidades para el desarrollo sostenible de nuestra comunidad\u00bb, afirm\u00f3.<\/p>\n<p style=\"text-align: justify;\">Con eventos como este, Yungay demuestra su compromiso con el fortalecimiento del tejido empresarial local y la promoci\u00f3n de una econom\u00eda din\u00e1mica y globalizada.<\/p>\n","protected":false},"excerpt":{"rendered":"<p>Yungay, julio 2023: En un evento trascendental para el desarrollo econ\u00f3mico de la regi\u00f3n, se llev\u00f3 a cabo el seminario \u00ab\u00d1uble Exporta: Expansi\u00f3n Internacional de peque\u00f1as empresas de \u00d1uble\u00bb, en la Biblioteca de Yungay.&#46;&#46;&#46;<\/p>\n","protected":false},"author":2,"featured_media":28781,"comment_status":"closed","ping_status":"open","sticky":false,"template":"","format":"standard","meta":{"footnotes":""},"categories":[1],"tags":[1115,2837,8,6,117],"class_list":["post-28780","post","type-post","status-publish","format-standard","has-post-thumbnail","hentry","category-noticias","tag-noticias","tag-ucsc","tag-yungay","tag-yungayino","tag-yungayinocl"],"_links":{"self":[{"href":"https:\/\/www.yungayino.cl\/noticias\/index.php?rest_route=\/wp\/v2\/posts\/28780","targetHints":{"allow":["GET"]}}],"collection":[{"href":"https:\/\/www.yungayino.cl\/noticias\/index.php?rest_route=\/wp\/v2\/posts"}],"about":[{"href":"https:\/\/www.yungayino.cl\/noticias\/index.php?rest_route=\/wp\/v2\/types\/post"}],"author":[{"embeddable":true,"href":"https:\/\/www.yungayino.cl\/noticias\/index.php?rest_route=\/wp\/v2\/users\/2"}],"replies":[{"embeddable":true,"href":"https:\/\/www.yungayino.cl\/noticias\/index.php?rest_route=%2Fwp%2Fv2%2Fcomments&post=28780"}],"version-history":[{"count":1,"href":"https:\/\/www.yungayino.cl\/noticias\/index.php?rest_route=\/wp\/v2\/posts\/28780\/revisions"}],"predecessor-version":[{"id":28782,"href":"https:\/\/www.yungayino.cl\/noticias\/index.php?rest_route=\/wp\/v2\/posts\/28780\/revisions\/28782"}],"wp:featuredmedia":[{"embeddable":true,"href":"https:\/\/www.yungayino.cl\/noticias\/index.php?rest_route=\/wp\/v2\/media\/28781"}],"wp:attachment":[{"href":"https:\/\/www.yungayino.cl\/noticias\/index.php?rest_route=%2Fwp%2Fv2%2Fmedia&parent=28780"}],"wp:term":[{"taxonomy":"category","embeddable":true,"href":"https:\/\/www.yungayino.cl\/noticias\/index.php?rest_route=%2Fwp%2Fv2%2Fcategories&post=28780"},{"taxonomy":"post_tag","embeddable":true,"href":"https:\/\/www.yungayino.cl\/noticias\/index.php?rest_route=%2Fwp%2Fv2%2Ftags&post=28780"}],"curies":[{"name":"wp","href":"https:\/\/api.w.org\/{rel}","templated":true}]}}