{"id":28786,"date":"2023-07-09T08:00:00","date_gmt":"2023-07-09T12:00:00","guid":{"rendered":"http:\/\/www.yungayino.cl\/noticias\/?p=28786"},"modified":"2023-07-07T16:36:17","modified_gmt":"2023-07-07T20:36:17","slug":"importante-reunion-de-la-union-comunal-de-adultos-mayores","status":"publish","type":"post","link":"https:\/\/www.yungayino.cl\/noticias\/?p=28786","title":{"rendered":"Importante Reuni\u00f3n De La Uni\u00f3n Comunal De Adultos Mayores"},"content":{"rendered":"<p><img loading=\"lazy\" decoding=\"async\" class=\"alignnone wp-image-28787 size-full\" src=\"http:\/\/www.yungayino.cl\/noticias\/wp-content\/uploads\/2023\/07\/7julioreunion.jpg\" alt=\"\" width=\"700\" height=\"350\" srcset=\"https:\/\/www.yungayino.cl\/noticias\/wp-content\/uploads\/2023\/07\/7julioreunion.jpg 700w, https:\/\/www.yungayino.cl\/noticias\/wp-content\/uploads\/2023\/07\/7julioreunion-300x150.jpg 300w\" sizes=\"auto, (max-width: 700px) 100vw, 700px\" \/><\/p>\n<p style=\"text-align: justify;\">Yungay, julio 2023: La Oficina de Seguridad e Inspecci\u00f3n Municipal, a trav\u00e9s de su representante, Patricio Padilla, comparti\u00f3 con los asistentes la labor que desempe\u00f1an en nuestra comunidad. Explic\u00f3 sus funciones, los proyectos en los que est\u00e1n trabajando y las medidas que se est\u00e1n implementando para garantizar la seguridad y bienestar de todos.<\/p>\n<p style=\"text-align: justify;\">A continuaci\u00f3n, la sargento segundo Pilar Cerda tom\u00f3 la palabra y llev\u00f3 a cabo un conversatorio enfocado en el autocuidado de las personas mayores. Con su experiencia y conocimientos, brind\u00f3 consejos pr\u00e1cticos y recomendaciones para prevenir situaciones de riesgo, promover la seguridad y mantener una buena calidad de vida.<\/p>\n<p style=\"text-align: justify;\">Esta reuni\u00f3n de la Uni\u00f3n Comunal de Adultos Mayores fue una valiosa oportunidad para conocer m\u00e1s de cerca el trabajo de la Oficina de Seguridad e Inspecci\u00f3n Municipal y adquirir herramientas de autocuidado por parte de la sargento segundo Pilar Cerda.<\/p>\n","protected":false},"excerpt":{"rendered":"<p>Yungay, julio 2023: La Oficina de Seguridad e Inspecci\u00f3n Municipal, a trav\u00e9s de su representante, Patricio Padilla, comparti\u00f3 con los asistentes la labor que desempe\u00f1an en nuestra comunidad. Explic\u00f3 sus funciones, los proyectos en&#46;&#46;&#46;<\/p>\n","protected":false},"author":2,"featured_media":28787,"comment_status":"closed","ping_status":"open","sticky":false,"template":"","format":"standard","meta":{"footnotes":""},"categories":[1],"tags":[57,25,1115,8,6,117],"class_list":["post-28786","post","type-post","status-publish","format-standard","has-post-thumbnail","hentry","category-noticias","tag-adultos-mayores","tag-carabineros","tag-noticias","tag-yungay","tag-yungayino","tag-yungayinocl"],"_links":{"self":[{"href":"https:\/\/www.yungayino.cl\/noticias\/index.php?rest_route=\/wp\/v2\/posts\/28786","targetHints":{"allow":["GET"]}}],"collection":[{"href":"https:\/\/www.yungayino.cl\/noticias\/index.php?rest_route=\/wp\/v2\/posts"}],"about":[{"href":"https:\/\/www.yungayino.cl\/noticias\/index.php?rest_route=\/wp\/v2\/types\/post"}],"author":[{"embeddable":true,"href":"https:\/\/www.yungayino.cl\/noticias\/index.php?rest_route=\/wp\/v2\/users\/2"}],"replies":[{"embeddable":true,"href":"https:\/\/www.yungayino.cl\/noticias\/index.php?rest_route=%2Fwp%2Fv2%2Fcomments&post=28786"}],"version-history":[{"count":1,"href":"https:\/\/www.yungayino.cl\/noticias\/index.php?rest_route=\/wp\/v2\/posts\/28786\/revisions"}],"predecessor-version":[{"id":28788,"href":"https:\/\/www.yungayino.cl\/noticias\/index.php?rest_route=\/wp\/v2\/posts\/28786\/revisions\/28788"}],"wp:featuredmedia":[{"embeddable":true,"href":"https:\/\/www.yungayino.cl\/noticias\/index.php?rest_route=\/wp\/v2\/media\/28787"}],"wp:attachment":[{"href":"https:\/\/www.yungayino.cl\/noticias\/index.php?rest_route=%2Fwp%2Fv2%2Fmedia&parent=28786"}],"wp:term":[{"taxonomy":"category","embeddable":true,"href":"https:\/\/www.yungayino.cl\/noticias\/index.php?rest_route=%2Fwp%2Fv2%2Fcategories&post=28786"},{"taxonomy":"post_tag","embeddable":true,"href":"https:\/\/www.yungayino.cl\/noticias\/index.php?rest_route=%2Fwp%2Fv2%2Ftags&post=28786"}],"curies":[{"name":"wp","href":"https:\/\/api.w.org\/{rel}","templated":true}]}}