{"id":28789,"date":"2023-07-09T09:00:29","date_gmt":"2023-07-09T13:00:29","guid":{"rendered":"http:\/\/www.yungayino.cl\/noticias\/?p=28789"},"modified":"2023-07-07T16:37:55","modified_gmt":"2023-07-07T20:37:55","slug":"proyecto-piloto-de-monitoreo-de-material-particulado-arrojo-primeros-resultados-en-la-region","status":"publish","type":"post","link":"https:\/\/www.yungayino.cl\/noticias\/?p=28789","title":{"rendered":"Proyecto Piloto De Monitoreo De Material Particulado Arroj\u00f3 Primeros Resultados En La Regi\u00f3n"},"content":{"rendered":"<p><img loading=\"lazy\" decoding=\"async\" class=\"alignnone wp-image-28790 size-full\" src=\"http:\/\/www.yungayino.cl\/noticias\/wp-content\/uploads\/2023\/07\/7juliocalidadaire.jpg\" alt=\"\" width=\"700\" height=\"350\" srcset=\"https:\/\/www.yungayino.cl\/noticias\/wp-content\/uploads\/2023\/07\/7juliocalidadaire.jpg 700w, https:\/\/www.yungayino.cl\/noticias\/wp-content\/uploads\/2023\/07\/7juliocalidadaire-300x150.jpg 300w\" sizes=\"auto, (max-width: 700px) 100vw, 700px\" \/><\/p>\n<p style=\"text-align: justify;\">\u00d1uble, julio 2023: Cinco municipalidades de la regi\u00f3n de \u00d1uble son parte de este monitoreo, con el que se busca recopilar la mayor cantidad de informaci\u00f3n sobre calidad de aire por un periodo de cuatro meses.<\/p>\n<p style=\"text-align: justify;\">En el marco del Proyecto Piloto de Monitoreo de Material Particulado para las comunas de Pinto, Quill\u00f3n, El Carmen <strong>Yungay<\/strong> y Chill\u00e1n, la Seremi del Medio Ambiente de \u00d1uble, con el apoyo de la empresa AirFlux, entreg\u00f3 los primeros datos relevantes con los que buscan desarrollar estrategias efectivas de protecci\u00f3n ambiental en el marco de la contaminaci\u00f3n atmosf\u00e9rica producida por la calefacci\u00f3n a le\u00f1a.<\/p>\n<p style=\"text-align: justify;\">Entre el 15 de mayo y el 27 de junio de 2023, los primeros resultados arrojaron que las mayores concentraciones de material particulado se dan entre las 17 horas y las 2 de la madrugada, lo que se relaciona con el descenso de las temperaturas asociadas a este per\u00edodo.<\/p>\n<p style=\"text-align: justify;\">Asimismo, se observan registros de superaci\u00f3n de la norma en todas las comunas, lo que representa una correlaci\u00f3n en las concentraciones y la influencia de las condiciones de ventilaci\u00f3n y temperaturas que comparte el Valle Central de \u00d1uble.<\/p>\n<p style=\"text-align: justify;\">En este sentido, el seremi del Medio Ambiente, Mario Rivas, sostuvo: \u201cEstos primeros datos son relevantes en la realizaci\u00f3n, ya que permite el levantamiento de un mayor n\u00famero de datos para un posterior an\u00e1lisis, con el que esperamos poder aportar a mejorar la calidad del aire para nuestros vecinos\u201d.<\/p>\n<p style=\"text-align: justify;\">\u201cSe espera que el mes de julio presente episodios cr\u00edticos por el descenso de las temperaturas y malas condiciones de ventilaci\u00f3n, sin embargo, estas pueden variar de acuerdo a la presencia de precipitaciones en este per\u00edodo\u201d, agreg\u00f3.<\/p>\n<p style=\"text-align: justify;\">Macrozona del Valle Central<\/p>\n<p style=\"text-align: justify;\">A su vez, el jefe de la cartera de Gobierno en \u00d1uble, destac\u00f3 que esta informaci\u00f3n ser\u00e1 de gran ayuda en la Declaratoria de Zona Saturada para MP2,5 y su correspondiente Plan de Descontaminaci\u00f3n Atmosf\u00e9rico en la macrozona del Valle Central de \u00d1uble, que abarcar\u00e1 11 comunas, las que, sumadas a Chill\u00e1n y Chill\u00e1n Viejo (perteneciente al PPDA vigente), representa m\u00e1s de un 80% de los habitantes de la regi\u00f3n, quienes se regir\u00e1n por este instrumento normativo.<\/p>\n<p style=\"text-align: justify;\">Cabe destacar que en nuestra regi\u00f3n la contaminaci\u00f3n atmosf\u00e9rica est\u00e1 directamente asociada con el uso de le\u00f1a como combustible en la calefacci\u00f3n domiciliaria. Por eso, el realizar mediciones para el monitoreo de la calidad del aire se hace tan relevante.<\/p>\n<p style=\"text-align: justify;\">Finalmente, los datos estar\u00e1n disponibles en la plataforma p\u00fablica <a href=\"https:\/\/map.airflux.cl\/,\">https:\/\/map.airflux.cl\/,<\/a> en la que se pueden visualizar en tiempo real los antecedentes arrojados por los sensores de las cinco comunas que forman parte del Proyecto Piloto de Monitoreo de Material Particulado. Estos datos se relacionan a medidas correspondientes a distintos niveles de calidad del aire, los que pueden ser revisados en la p\u00e1gina <a href=\"https:\/\/airechile.mma.gob.cl\/\">https:\/\/airechile.mma.gob.cl\/<\/a><\/p>\n","protected":false},"excerpt":{"rendered":"<p>\u00d1uble, julio 2023: Cinco municipalidades de la regi\u00f3n de \u00d1uble son parte de este monitoreo, con el que se busca recopilar la mayor cantidad de informaci\u00f3n sobre calidad de aire por un periodo de&#46;&#46;&#46;<\/p>\n","protected":false},"author":2,"featured_media":28790,"comment_status":"closed","ping_status":"open","sticky":false,"template":"","format":"standard","meta":{"footnotes":""},"categories":[1],"tags":[2828,904,1115,8,6,117],"class_list":["post-28789","post","type-post","status-publish","format-standard","has-post-thumbnail","hentry","category-noticias","tag-calidad-del-aire","tag-medio-ambiente","tag-noticias","tag-yungay","tag-yungayino","tag-yungayinocl"],"_links":{"self":[{"href":"https:\/\/www.yungayino.cl\/noticias\/index.php?rest_route=\/wp\/v2\/posts\/28789","targetHints":{"allow":["GET"]}}],"collection":[{"href":"https:\/\/www.yungayino.cl\/noticias\/index.php?rest_route=\/wp\/v2\/posts"}],"about":[{"href":"https:\/\/www.yungayino.cl\/noticias\/index.php?rest_route=\/wp\/v2\/types\/post"}],"author":[{"embeddable":true,"href":"https:\/\/www.yungayino.cl\/noticias\/index.php?rest_route=\/wp\/v2\/users\/2"}],"replies":[{"embeddable":true,"href":"https:\/\/www.yungayino.cl\/noticias\/index.php?rest_route=%2Fwp%2Fv2%2Fcomments&post=28789"}],"version-history":[{"count":2,"href":"https:\/\/www.yungayino.cl\/noticias\/index.php?rest_route=\/wp\/v2\/posts\/28789\/revisions"}],"predecessor-version":[{"id":28792,"href":"https:\/\/www.yungayino.cl\/noticias\/index.php?rest_route=\/wp\/v2\/posts\/28789\/revisions\/28792"}],"wp:featuredmedia":[{"embeddable":true,"href":"https:\/\/www.yungayino.cl\/noticias\/index.php?rest_route=\/wp\/v2\/media\/28790"}],"wp:attachment":[{"href":"https:\/\/www.yungayino.cl\/noticias\/index.php?rest_route=%2Fwp%2Fv2%2Fmedia&parent=28789"}],"wp:term":[{"taxonomy":"category","embeddable":true,"href":"https:\/\/www.yungayino.cl\/noticias\/index.php?rest_route=%2Fwp%2Fv2%2Fcategories&post=28789"},{"taxonomy":"post_tag","embeddable":true,"href":"https:\/\/www.yungayino.cl\/noticias\/index.php?rest_route=%2Fwp%2Fv2%2Ftags&post=28789"}],"curies":[{"name":"wp","href":"https:\/\/api.w.org\/{rel}","templated":true}]}}