{"id":28800,"date":"2023-07-12T11:00:56","date_gmt":"2023-07-12T15:00:56","guid":{"rendered":"http:\/\/www.yungayino.cl\/noticias\/?p=28800"},"modified":"2023-07-12T13:24:34","modified_gmt":"2023-07-12T17:24:34","slug":"postulacion-escuela-de-lideres-politicas-y-sociales-2023","status":"publish","type":"post","link":"https:\/\/www.yungayino.cl\/noticias\/?p=28800","title":{"rendered":"Postulaci\u00f3n Escuela De L\u00edderes Pol\u00edticas Y Sociales 2023"},"content":{"rendered":"<p><img loading=\"lazy\" decoding=\"async\" class=\"alignnone wp-image-28801 size-full\" src=\"http:\/\/www.yungayino.cl\/noticias\/wp-content\/uploads\/2023\/07\/GRAF-ELPS-03.png\" alt=\"\" width=\"700\" height=\"700\" srcset=\"https:\/\/www.yungayino.cl\/noticias\/wp-content\/uploads\/2023\/07\/GRAF-ELPS-03.png 700w, https:\/\/www.yungayino.cl\/noticias\/wp-content\/uploads\/2023\/07\/GRAF-ELPS-03-300x300.png 300w, https:\/\/www.yungayino.cl\/noticias\/wp-content\/uploads\/2023\/07\/GRAF-ELPS-03-150x150.png 150w, https:\/\/www.yungayino.cl\/noticias\/wp-content\/uploads\/2023\/07\/GRAF-ELPS-03-80x80.png 80w, https:\/\/www.yungayino.cl\/noticias\/wp-content\/uploads\/2023\/07\/GRAF-ELPS-03-320x320.png 320w\" sizes=\"auto, (max-width: 700px) 100vw, 700px\" \/><\/p>\n<p style=\"text-align: justify;\">Julio 2023: La iniciativa est\u00e1 destinada para mujeres que tengan inter\u00e9s en la participaci\u00f3n pol\u00edtica y social.<\/p>\n<p style=\"text-align: justify;\">Hasta el 12 de julio, el Servicio Nacional de la Mujer y la Equidad de G\u00e9nero tendr\u00e1 abierta la convocatoria para postular a la Escuela de L\u00edderes Pol\u00edticas y Sociales 2023.<\/p>\n<p style=\"text-align: justify;\">El espacio est\u00e1 dirigido a mujeres desde los 15 a\u00f1os en adelante y que sean parte de una organizaci\u00f3n o que tengan intenci\u00f3n de pertenecer a una, y que, a su vez, quieran fortalecer sus habilidades de liderazgo.<\/p>\n<p style=\"text-align: justify;\">Las clases ser\u00e1n virtuales y contar\u00e1 con 5 m\u00f3dulos (asincr\u00f3nicos), disponibles las 24 horas, los 7 d\u00edas de la semana. Cada m\u00f3dulo se iniciar\u00e1 con una clase sincr\u00f3nica para presentar los contenidos que se abordar\u00e1n. La Escuela considera aproximadamente 40 horas entre agosto y septiembre.<\/p>\n<p style=\"text-align: justify;\">\u201cEl prop\u00f3sito es potenciar el liderazgo de la diversidad de mujeres y contribuir en su participaci\u00f3n en todos los territorios y \u00e1mbitos de la sociedad\u201d, sostuvo la directora nacional del SernamEG, Priscilla Carrasco.<\/p>\n<p style=\"text-align: justify;\">Desde la direcci\u00f3n regional, el Director Regional (s) Ra\u00fal Fuentes Cuevas se refiri\u00f3 al tema \u201cInvitamos a la diversidad de mujeres de la regi\u00f3n de \u00d1uble de 15 a\u00f1os o m\u00e1s, que sean parte de una organizaci\u00f3n o que quieran pertenecer a una, a que fortalezcan sus habilidades de liderazgo y que postulen a la Escuela de Lideres Pol\u00edticas y Sociales. Como SernamEG \u00d1uble queremos que las mujeres puedan desarrollar sus competencias y habilidades para ejercer tu liderazgo real en los espacios de toma de decisiones sociales y pol\u00edticas. De esta forma, podr\u00e1n compartir estrategias de influencia, redes de contactos y la posibilidad de crear comunidades en su entorno, adem\u00e1s de recibir informaci\u00f3n para un uso \u00f3ptimo de las redes sociales y TICS en general. Esta iniciativa, es parte de la oferta program\u00e1tica que mantiene el Programa Mujer y Participaci\u00f3n pol\u00edtica y Social de SernamEG\u201d.<\/p>\n<p style=\"text-align: justify;\"><strong><u>POSTULACIONES<\/u><\/strong><\/p>\n<p style=\"text-align: justify;\">Las interesadas deben postular a trav\u00e9s de <a href=\"http:\/\/www.sernameg.gob.cl\">www.sernameg.gob.cl<\/a> en el banner del programa <strong>\u201cEscuela de L\u00edderes Pol\u00edticas y Sociales\u201d<\/strong>. Los resultados estar\u00e1n disponibles desde la \u00faltima semana de julio para iniciar las clases en agosto.<\/p>\n<p style=\"text-align: justify;\">Las participantes seleccionadas recibir\u00e1n un correo electr\u00f3nico con la confirmaci\u00f3n de su participaci\u00f3n. Para realizar consultas se dispuso el correo <strong>mujeryparticipacion@sernameg.gob.cl<\/strong>. Es importante precisar que los cupos son limitados.<\/p>\n","protected":false},"excerpt":{"rendered":"<p>Julio 2023: La iniciativa est\u00e1 destinada para mujeres que tengan inter\u00e9s en la participaci\u00f3n pol\u00edtica y social. Hasta el 12 de julio, el Servicio Nacional de la Mujer y la Equidad de G\u00e9nero tendr\u00e1&#46;&#46;&#46;<\/p>\n","protected":false},"author":2,"featured_media":28801,"comment_status":"closed","ping_status":"open","sticky":false,"template":"","format":"standard","meta":{"footnotes":""},"categories":[1],"tags":[2860,1115,1697,8,6,117],"class_list":["post-28800","post","type-post","status-publish","format-standard","has-post-thumbnail","hentry","category-noticias","tag-escuela-para-lideres","tag-noticias","tag-sernameg","tag-yungay","tag-yungayino","tag-yungayinocl"],"_links":{"self":[{"href":"https:\/\/www.yungayino.cl\/noticias\/index.php?rest_route=\/wp\/v2\/posts\/28800","targetHints":{"allow":["GET"]}}],"collection":[{"href":"https:\/\/www.yungayino.cl\/noticias\/index.php?rest_route=\/wp\/v2\/posts"}],"about":[{"href":"https:\/\/www.yungayino.cl\/noticias\/index.php?rest_route=\/wp\/v2\/types\/post"}],"author":[{"embeddable":true,"href":"https:\/\/www.yungayino.cl\/noticias\/index.php?rest_route=\/wp\/v2\/users\/2"}],"replies":[{"embeddable":true,"href":"https:\/\/www.yungayino.cl\/noticias\/index.php?rest_route=%2Fwp%2Fv2%2Fcomments&post=28800"}],"version-history":[{"count":2,"href":"https:\/\/www.yungayino.cl\/noticias\/index.php?rest_route=\/wp\/v2\/posts\/28800\/revisions"}],"predecessor-version":[{"id":28803,"href":"https:\/\/www.yungayino.cl\/noticias\/index.php?rest_route=\/wp\/v2\/posts\/28800\/revisions\/28803"}],"wp:featuredmedia":[{"embeddable":true,"href":"https:\/\/www.yungayino.cl\/noticias\/index.php?rest_route=\/wp\/v2\/media\/28801"}],"wp:attachment":[{"href":"https:\/\/www.yungayino.cl\/noticias\/index.php?rest_route=%2Fwp%2Fv2%2Fmedia&parent=28800"}],"wp:term":[{"taxonomy":"category","embeddable":true,"href":"https:\/\/www.yungayino.cl\/noticias\/index.php?rest_route=%2Fwp%2Fv2%2Fcategories&post=28800"},{"taxonomy":"post_tag","embeddable":true,"href":"https:\/\/www.yungayino.cl\/noticias\/index.php?rest_route=%2Fwp%2Fv2%2Ftags&post=28800"}],"curies":[{"name":"wp","href":"https:\/\/api.w.org\/{rel}","templated":true}]}}