{"id":28804,"date":"2023-07-12T22:00:12","date_gmt":"2023-07-13T02:00:12","guid":{"rendered":"http:\/\/www.yungayino.cl\/noticias\/?p=28804"},"modified":"2023-07-12T23:02:05","modified_gmt":"2023-07-13T03:02:05","slug":"consejeros-regionales-aprueban-destinar-recursos-para-la-compra-del-terreno-de-villa-jardines-de-egana-en-yungay","status":"publish","type":"post","link":"https:\/\/www.yungayino.cl\/noticias\/?p=28804","title":{"rendered":"Consejeros Regionales Aprueban Destinar Recursos Para La Compra Del Terreno De Villa Jardines De Ega\u00f1a En Yungay"},"content":{"rendered":"<p><img loading=\"lazy\" decoding=\"async\" class=\"alignnone wp-image-28808 size-full\" src=\"http:\/\/www.yungayino.cl\/noticias\/wp-content\/uploads\/2023\/07\/12-junio.jpg\" alt=\"\" width=\"700\" height=\"350\" srcset=\"https:\/\/www.yungayino.cl\/noticias\/wp-content\/uploads\/2023\/07\/12-junio.jpg 700w, https:\/\/www.yungayino.cl\/noticias\/wp-content\/uploads\/2023\/07\/12-junio-300x150.jpg 300w\" sizes=\"auto, (max-width: 700px) 100vw, 700px\" \/><\/p>\n<p style=\"text-align: justify;\">Yungay, julio 2023: En una votaci\u00f3n trascendental, los Consejeros Regionales de \u00d1uble aprobaron destinar recursos para la adquisici\u00f3n del terreno que albergar\u00e1 la construcci\u00f3n de Villa Jardines de Ega\u00f1a. Este anhelado proyecto de vivienda beneficiar\u00e1 a 248 familias yungayinas que llevan a\u00f1os esperando cumplir el sue\u00f1o de tener su casa propia.<\/p>\n<p style=\"text-align: justify;\">En una sesi\u00f3n celebrada hoy mi\u00e9rcoles, el alcalde de Yungay, acompa\u00f1ado de su equipo t\u00e9cnico, presenci\u00f3 la votaci\u00f3n que marcar\u00e1 un hito en la vida de estas familias. El comit\u00e9 de vivienda Jardines de Ega\u00f1a ya cuenta con subsidios habitacionales otorgados por el Ministerio de Vivienda y Urbanismo, y la compra del terreno era el paso final necesario para dar inicio a la construcci\u00f3n.<\/p>\n<p style=\"text-align: justify;\">Durante la instancia, el alcalde de Yungay, Rafael Cifuentes Rodr\u00edguez, expres\u00f3 su satisfacci\u00f3n por el respaldo obtenido tanto por el Gobernador Regional, Oscar Cris\u00f3stomo Llanos y por el Seremi de vivienda, Antonio Marchant Mass, y agradeci\u00f3 la votaci\u00f3n de los consejeros regionales que apoyaron la iniciativa.<\/p>\n<p style=\"text-align: justify;\">La primera autoridad de la comuna destac\u00f3 el esfuerzo conjunto de los dirigentes, liderados por Yessenia Hern\u00e1ndez Ar\u00e9valo y al equipo t\u00e9cnico del municipio para hacer realidad este proyecto. Adem\u00e1s, subray\u00f3 la importancia de proporcionar soluciones habitacionales a las familias de la comuna y resalt\u00f3 el compromiso del municipio de Yungay en la construcci\u00f3n de un mejor futuro para sus habitantes.<\/p>\n<p style=\"text-align: justify;\">Se espera que la construcci\u00f3n de Villa Jardines de Ega\u00f1a comience prontamente, brindando un nuevo horizonte a las 248 familias que ver\u00e1n cumplido su sue\u00f1o de tener una casa propia en Yungay.<\/p>\n","protected":false},"excerpt":{"rendered":"<p>Yungay, julio 2023: En una votaci\u00f3n trascendental, los Consejeros Regionales de \u00d1uble aprobaron destinar recursos para la adquisici\u00f3n del terreno que albergar\u00e1 la construcci\u00f3n de Villa Jardines de Ega\u00f1a. Este anhelado proyecto de vivienda&#46;&#46;&#46;<\/p>\n","protected":false},"author":2,"featured_media":28808,"comment_status":"closed","ping_status":"open","sticky":false,"template":"","format":"standard","meta":{"footnotes":""},"categories":[1],"tags":[1115,2861,1726,8,6,117],"class_list":["post-28804","post","type-post","status-publish","format-standard","has-post-thumbnail","hentry","category-noticias","tag-noticias","tag-villa-jardines-de-egana","tag-viviendas","tag-yungay","tag-yungayino","tag-yungayinocl"],"_links":{"self":[{"href":"https:\/\/www.yungayino.cl\/noticias\/index.php?rest_route=\/wp\/v2\/posts\/28804","targetHints":{"allow":["GET"]}}],"collection":[{"href":"https:\/\/www.yungayino.cl\/noticias\/index.php?rest_route=\/wp\/v2\/posts"}],"about":[{"href":"https:\/\/www.yungayino.cl\/noticias\/index.php?rest_route=\/wp\/v2\/types\/post"}],"author":[{"embeddable":true,"href":"https:\/\/www.yungayino.cl\/noticias\/index.php?rest_route=\/wp\/v2\/users\/2"}],"replies":[{"embeddable":true,"href":"https:\/\/www.yungayino.cl\/noticias\/index.php?rest_route=%2Fwp%2Fv2%2Fcomments&post=28804"}],"version-history":[{"count":2,"href":"https:\/\/www.yungayino.cl\/noticias\/index.php?rest_route=\/wp\/v2\/posts\/28804\/revisions"}],"predecessor-version":[{"id":28810,"href":"https:\/\/www.yungayino.cl\/noticias\/index.php?rest_route=\/wp\/v2\/posts\/28804\/revisions\/28810"}],"wp:featuredmedia":[{"embeddable":true,"href":"https:\/\/www.yungayino.cl\/noticias\/index.php?rest_route=\/wp\/v2\/media\/28808"}],"wp:attachment":[{"href":"https:\/\/www.yungayino.cl\/noticias\/index.php?rest_route=%2Fwp%2Fv2%2Fmedia&parent=28804"}],"wp:term":[{"taxonomy":"category","embeddable":true,"href":"https:\/\/www.yungayino.cl\/noticias\/index.php?rest_route=%2Fwp%2Fv2%2Fcategories&post=28804"},{"taxonomy":"post_tag","embeddable":true,"href":"https:\/\/www.yungayino.cl\/noticias\/index.php?rest_route=%2Fwp%2Fv2%2Ftags&post=28804"}],"curies":[{"name":"wp","href":"https:\/\/api.w.org\/{rel}","templated":true}]}}