{"id":28827,"date":"2023-07-16T07:00:45","date_gmt":"2023-07-16T11:00:45","guid":{"rendered":"http:\/\/www.yungayino.cl\/noticias\/?p=28827"},"modified":"2023-07-12T23:15:29","modified_gmt":"2023-07-13T03:15:29","slug":"alcalde-de-yungay-participa-en-reunion-de-trabajo-convocada-por-el-gobernador-regional","status":"publish","type":"post","link":"https:\/\/www.yungayino.cl\/noticias\/?p=28827","title":{"rendered":"Alcalde De Yungay Participa En Reuni\u00f3n De Trabajo Convocada Por El Gobernador Regional"},"content":{"rendered":"<p><img loading=\"lazy\" decoding=\"async\" class=\"alignnone wp-image-28829 size-full\" src=\"http:\/\/www.yungayino.cl\/noticias\/wp-content\/uploads\/2023\/07\/reunion-nuble-2.jpg\" alt=\"\" width=\"700\" height=\"350\" srcset=\"https:\/\/www.yungayino.cl\/noticias\/wp-content\/uploads\/2023\/07\/reunion-nuble-2.jpg 700w, https:\/\/www.yungayino.cl\/noticias\/wp-content\/uploads\/2023\/07\/reunion-nuble-2-300x150.jpg 300w\" sizes=\"auto, (max-width: 700px) 100vw, 700px\" \/><\/p>\n<p style=\"text-align: justify;\">\u00d1uble, julio 2023: Alcalde Rafael Cifuentes Rodr\u00edguez particip\u00f3 de una importante reuni\u00f3n de trabajo convocada por el Gobernador Regional, \u00d3scar Cris\u00f3stomo Llanos. En el encuentro, el equipo de la gobernaci\u00f3n present\u00f3 un informe sobre las inversiones realizadas a lo largo de estos a\u00f1os en la regi\u00f3n a trav\u00e9s de las diferentes fuentes financiamiento, resaltando el crecimiento de la inversi\u00f3n a lo largo de los a\u00f1os.<\/p>\n<p style=\"text-align: justify;\">La reuni\u00f3n cont\u00f3 con la participaci\u00f3n de alcaldes de toda la regi\u00f3n de \u00d1uble, quienes tuvieron la oportunidad de expresar sus inquietudes y sugerencias al equipo t\u00e9cnico de la Gobernaci\u00f3n, centr\u00e1ndose especialmente en los Fondos Regionales de Inversi\u00f3n Local. Estos proyectos son de gran importancia y beneficio directo para las comunas.<\/p>\n<p style=\"text-align: justify;\">El alcalde Rafael Cifuentes Rodr\u00edguez agradeci\u00f3 la convocatoria del Gobernador Regional y valor\u00f3 la posibilidad de compartir experiencias y dialogar sobre los desaf\u00edos y oportunidades que se presentan en el \u00e1mbito regional. Adem\u00e1s, resalt\u00f3 la importancia de los Fondos Regionales de Inversi\u00f3n Local para el desarrollo de las comunas y expres\u00f3 su compromiso de trabajar en conjunto para aprovechar al m\u00e1ximo estas oportunidades.<\/p>\n<p style=\"text-align: justify;\">Adem\u00e1s, en esta instancia, se llev\u00f3 a cabo la firma de una declaraci\u00f3n p\u00fablica convocada por el gobernador, en la cual las autoridades presentes rechazaron categ\u00f3ricamente una eventual recepci\u00f3n de residuos industriales en la vecina comuna de Chill\u00e1n Viejo. El objetivo principal de esta declaraci\u00f3n es proteger la salud y el bienestar de los habitantes de la regi\u00f3n. Asimismo, se solicit\u00f3 al gobierno central trabajar en pol\u00edticas medioambientales que eviten que nuestras comunidades sufran este tipo de crisis.<\/p>\n<p>&nbsp;<\/p>\n<p><img loading=\"lazy\" decoding=\"async\" class=\"alignnone wp-image-28828 size-full\" src=\"http:\/\/www.yungayino.cl\/noticias\/wp-content\/uploads\/2023\/07\/reunion-nuble-1.jpg\" alt=\"\" width=\"700\" height=\"466\" srcset=\"https:\/\/www.yungayino.cl\/noticias\/wp-content\/uploads\/2023\/07\/reunion-nuble-1.jpg 700w, https:\/\/www.yungayino.cl\/noticias\/wp-content\/uploads\/2023\/07\/reunion-nuble-1-300x200.jpg 300w, https:\/\/www.yungayino.cl\/noticias\/wp-content\/uploads\/2023\/07\/reunion-nuble-1-225x150.jpg 225w\" sizes=\"auto, (max-width: 700px) 100vw, 700px\" \/><\/p>\n","protected":false},"excerpt":{"rendered":"<p>\u00d1uble, julio 2023: Alcalde Rafael Cifuentes Rodr\u00edguez particip\u00f3 de una importante reuni\u00f3n de trabajo convocada por el Gobernador Regional, \u00d3scar Cris\u00f3stomo Llanos. En el encuentro, el equipo de la gobernaci\u00f3n present\u00f3 un informe sobre&#46;&#46;&#46;<\/p>\n","protected":false},"author":2,"featured_media":28829,"comment_status":"closed","ping_status":"open","sticky":false,"template":"","format":"standard","meta":{"footnotes":""},"categories":[1],"tags":[1115,1678,8,6,117],"class_list":["post-28827","post","type-post","status-publish","format-standard","has-post-thumbnail","hentry","category-noticias","tag-noticias","tag-nuble","tag-yungay","tag-yungayino","tag-yungayinocl"],"_links":{"self":[{"href":"https:\/\/www.yungayino.cl\/noticias\/index.php?rest_route=\/wp\/v2\/posts\/28827","targetHints":{"allow":["GET"]}}],"collection":[{"href":"https:\/\/www.yungayino.cl\/noticias\/index.php?rest_route=\/wp\/v2\/posts"}],"about":[{"href":"https:\/\/www.yungayino.cl\/noticias\/index.php?rest_route=\/wp\/v2\/types\/post"}],"author":[{"embeddable":true,"href":"https:\/\/www.yungayino.cl\/noticias\/index.php?rest_route=\/wp\/v2\/users\/2"}],"replies":[{"embeddable":true,"href":"https:\/\/www.yungayino.cl\/noticias\/index.php?rest_route=%2Fwp%2Fv2%2Fcomments&post=28827"}],"version-history":[{"count":1,"href":"https:\/\/www.yungayino.cl\/noticias\/index.php?rest_route=\/wp\/v2\/posts\/28827\/revisions"}],"predecessor-version":[{"id":28830,"href":"https:\/\/www.yungayino.cl\/noticias\/index.php?rest_route=\/wp\/v2\/posts\/28827\/revisions\/28830"}],"wp:featuredmedia":[{"embeddable":true,"href":"https:\/\/www.yungayino.cl\/noticias\/index.php?rest_route=\/wp\/v2\/media\/28829"}],"wp:attachment":[{"href":"https:\/\/www.yungayino.cl\/noticias\/index.php?rest_route=%2Fwp%2Fv2%2Fmedia&parent=28827"}],"wp:term":[{"taxonomy":"category","embeddable":true,"href":"https:\/\/www.yungayino.cl\/noticias\/index.php?rest_route=%2Fwp%2Fv2%2Fcategories&post=28827"},{"taxonomy":"post_tag","embeddable":true,"href":"https:\/\/www.yungayino.cl\/noticias\/index.php?rest_route=%2Fwp%2Fv2%2Ftags&post=28827"}],"curies":[{"name":"wp","href":"https:\/\/api.w.org\/{rel}","templated":true}]}}