{"id":28840,"date":"2023-07-19T07:00:42","date_gmt":"2023-07-19T11:00:42","guid":{"rendered":"http:\/\/www.yungayino.cl\/noticias\/?p=28840"},"modified":"2023-07-12T23:21:29","modified_gmt":"2023-07-13T03:21:29","slug":"mipymes-y-cooperativas-ya-pueden-acceder-al-subsidio-sueldo-minimo","status":"publish","type":"post","link":"https:\/\/www.yungayino.cl\/noticias\/?p=28840","title":{"rendered":"MiPymes y Cooperativas Ya Pueden Acceder Al Subsidio Sueldo M\u00ednimo"},"content":{"rendered":"<p><img loading=\"lazy\" decoding=\"async\" class=\"alignnone wp-image-28841 size-full\" src=\"http:\/\/www.yungayino.cl\/noticias\/wp-content\/uploads\/2023\/07\/subsidio-sueldo-minimo-foto-interna.jpg\" alt=\"\" width=\"700\" height=\"525\" srcset=\"https:\/\/www.yungayino.cl\/noticias\/wp-content\/uploads\/2023\/07\/subsidio-sueldo-minimo-foto-interna.jpg 700w, https:\/\/www.yungayino.cl\/noticias\/wp-content\/uploads\/2023\/07\/subsidio-sueldo-minimo-foto-interna-300x225.jpg 300w, https:\/\/www.yungayino.cl\/noticias\/wp-content\/uploads\/2023\/07\/subsidio-sueldo-minimo-foto-interna-200x150.jpg 200w\" sizes=\"auto, (max-width: 700px) 100vw, 700px\" \/><\/p>\n<p style=\"text-align: justify;\">Nacional, julio 2023: Seremi de Gobierno, Seremi de Econom\u00eda y beneficiarios, valoraron la medida que permitir\u00e1 apoyar a MiPymes y Cooperativas en \u00d1uble tras la aprobaci\u00f3n del reajuste del sueldo m\u00ednimo.<\/p>\n<p style=\"text-align: justify;\">Cumpliendo uno de los compromisos anunciados por el presidente Gabriel Boric de aumentar el ingreso m\u00ednimo, y con el objetivo de apoyar a las MiPymes frente a este reajuste aprobado por el Congreso Nacional, es que el Ministerio de Econom\u00eda, Fomento y Turismo, junto al Ministerio de Trabajo y Previsi\u00f3n Social, anunciaron el Subsidio al Sueldo M\u00ednimo.<\/p>\n<p style=\"text-align: justify;\">Esta iniciativa busca ayudar a las empresas de menor tama\u00f1o a adecuarse al recientemente aprobado reajuste del salario m\u00ednimo, el cual establece un aumento gradual hasta alcanzar los $500.000 en julio de 2024.<\/p>\n<p style=\"text-align: justify;\">La Seremi de Gobierno de \u00d1uble, Valentina Pradenas Andrade, se\u00f1al\u00f3 que \u201cestamos muy contentos de anunciar este beneficio que sin duda es un gran aporte para las pymes de la regi\u00f3n, por lo que se hace patente que el compromiso del Gobierno del Presidente Gabriel Boric de mejorar la vida de las y los trabajadores de nuestro pa\u00eds va de la mano con no dejar solas a las empresas de menor tama\u00f1o. Este es un acuerdo que, sin duda, adem\u00e1s de ser un compromiso econ\u00f3mico, trae consigo un compromiso social, donde el mensaje de que no dejaremos solos a quienes se atrevieron a emprender ni tampoco a quienes trabajan en estas peque\u00f1as empresas, es claro\u201d.<\/p>\n<p style=\"text-align: justify;\">Por su parte, el seremi de Econom\u00eda, Fomento y Turismo de la regi\u00f3n, Erick Solo de Zald\u00edvar, se\u00f1al\u00f3 que \u201ces una medida in\u00e9dita que en \u00d1uble beneficiar\u00e1 a las MiPymes y Cooperativas hasta abril del 2025 y que se construy\u00f3 a trav\u00e9s del di\u00e1logo y los acuerdos. Nuestro compromiso es ser el gobierno de las MiPymes, y medidas como \u00e9stas reafirman nuestros esfuerzos en seguir trabajando para quienes aportan cerca del 60% de los empleos del pa\u00eds y que son, adem\u00e1s, uno de los principales motores de la econom\u00eda de Chile y de nuestra regi\u00f3n de \u00d1uble\u201d.<\/p>\n<p style=\"text-align: justify;\">\u00bfC\u00f3mo postular y cu\u00e1ndo ocurrir\u00e1n los pagos?<\/p>\n<p style=\"text-align: justify;\">Para postular a este beneficio las empresas deber\u00e1n ingresar al sitio web de Servicio de Impuestos Internos hasta el 20 de septiembre con su clave tributaria en caso de una persona jur\u00eddica, y con clave \u00fanica en caso de ser una persona natural que tributa por primera categor\u00eda. Es importante se\u00f1alar que se solicita por una sola vez.<\/p>\n<p style=\"text-align: justify;\">Desde la primera y \u00fanica solicitud, el subsidio ser\u00e1 pagado hasta en un plazo de 15 d\u00edas corridos desde que se efectu\u00f3 la solicitud. Luego de efectuada la solicitud, para los pr\u00f3ximos meses no ser\u00e1 necesario hacer un tr\u00e1mite adicional, pues el monto de los meses siguientes se ir\u00e1 depositando autom\u00e1ticamente en el respectivo mes, hasta el \u00faltimo d\u00eda h\u00e1bil del mismo.<\/p>\n<p>&nbsp;<\/p>\n<p>&nbsp;<\/p>\n","protected":false},"excerpt":{"rendered":"<p>Nacional, julio 2023: Seremi de Gobierno, Seremi de Econom\u00eda y beneficiarios, valoraron la medida que permitir\u00e1 apoyar a MiPymes y Cooperativas en \u00d1uble tras la aprobaci\u00f3n del reajuste del sueldo m\u00ednimo. Cumpliendo uno de&#46;&#46;&#46;<\/p>\n","protected":false},"author":2,"featured_media":28842,"comment_status":"closed","ping_status":"open","sticky":false,"template":"","format":"standard","meta":{"footnotes":""},"categories":[1],"tags":[1115,2864,8,6,117],"class_list":["post-28840","post","type-post","status-publish","format-standard","has-post-thumbnail","hentry","category-noticias","tag-noticias","tag-sueldo-minimo","tag-yungay","tag-yungayino","tag-yungayinocl"],"_links":{"self":[{"href":"https:\/\/www.yungayino.cl\/noticias\/index.php?rest_route=\/wp\/v2\/posts\/28840","targetHints":{"allow":["GET"]}}],"collection":[{"href":"https:\/\/www.yungayino.cl\/noticias\/index.php?rest_route=\/wp\/v2\/posts"}],"about":[{"href":"https:\/\/www.yungayino.cl\/noticias\/index.php?rest_route=\/wp\/v2\/types\/post"}],"author":[{"embeddable":true,"href":"https:\/\/www.yungayino.cl\/noticias\/index.php?rest_route=\/wp\/v2\/users\/2"}],"replies":[{"embeddable":true,"href":"https:\/\/www.yungayino.cl\/noticias\/index.php?rest_route=%2Fwp%2Fv2%2Fcomments&post=28840"}],"version-history":[{"count":1,"href":"https:\/\/www.yungayino.cl\/noticias\/index.php?rest_route=\/wp\/v2\/posts\/28840\/revisions"}],"predecessor-version":[{"id":28843,"href":"https:\/\/www.yungayino.cl\/noticias\/index.php?rest_route=\/wp\/v2\/posts\/28840\/revisions\/28843"}],"wp:featuredmedia":[{"embeddable":true,"href":"https:\/\/www.yungayino.cl\/noticias\/index.php?rest_route=\/wp\/v2\/media\/28842"}],"wp:attachment":[{"href":"https:\/\/www.yungayino.cl\/noticias\/index.php?rest_route=%2Fwp%2Fv2%2Fmedia&parent=28840"}],"wp:term":[{"taxonomy":"category","embeddable":true,"href":"https:\/\/www.yungayino.cl\/noticias\/index.php?rest_route=%2Fwp%2Fv2%2Fcategories&post=28840"},{"taxonomy":"post_tag","embeddable":true,"href":"https:\/\/www.yungayino.cl\/noticias\/index.php?rest_route=%2Fwp%2Fv2%2Ftags&post=28840"}],"curies":[{"name":"wp","href":"https:\/\/api.w.org\/{rel}","templated":true}]}}