{"id":28848,"date":"2023-07-13T17:00:47","date_gmt":"2023-07-13T21:00:47","guid":{"rendered":"http:\/\/www.yungayino.cl\/noticias\/?p=28848"},"modified":"2023-07-13T17:19:54","modified_gmt":"2023-07-13T21:19:54","slug":"adjudicacion-fondo-de-fomento-medios-de-comunicacion-social-2023","status":"publish","type":"post","link":"https:\/\/www.yungayino.cl\/noticias\/?p=28848","title":{"rendered":"Adjudicaci\u00f3n Fondo de Fomento Medios de Comunicaci\u00f3n Social 2023"},"content":{"rendered":"<p><img loading=\"lazy\" decoding=\"async\" class=\"alignnone wp-image-28849 size-full\" src=\"http:\/\/www.yungayino.cl\/noticias\/wp-content\/uploads\/2023\/07\/portada-1.jpg\" alt=\"\" width=\"700\" height=\"350\" srcset=\"https:\/\/www.yungayino.cl\/noticias\/wp-content\/uploads\/2023\/07\/portada-1.jpg 700w, https:\/\/www.yungayino.cl\/noticias\/wp-content\/uploads\/2023\/07\/portada-1-300x150.jpg 300w\" sizes=\"auto, (max-width: 700px) 100vw, 700px\" \/><\/p>\n<p style=\"text-align: justify;\">Julio 2023: Esta ma\u00f1ana en Chill\u00e1n se llev\u00f3 a cabo la ceremonia de adjudicaci\u00f3n del Fondo de Fomento a Medios de Comunicaci\u00f3n Social.<\/p>\n<p style=\"text-align: justify;\">La Subsecretar\u00eda General de Gobierno, Nicole Cardoch, el Gobernador de \u00d1uble, Oscar Cris\u00f3stomo,\u00a0 la Seremi de Gobierno de \u00d1uble, Valentina Pradenas Andrade y el Delegado Presidencial Regional, Gabriel Andr\u00e9s Pradenas Sandoval, hicieron entrega de los Fondos de Medios que anualmente entrega el Ministerio Secretar\u00eda General de Gobierno a 13 radios, 7 medios digitales y un canal de televisi\u00f3n de las comunas de San Carlos, Chill\u00e1n, El Carmen, Chill\u00e1n Viejo, Coelemu, Quirihue, San Fabi\u00e1n y <strong>Yungay.<\/strong><\/p>\n<p style=\"text-align: justify;\">El Fondo de Medios de Comunicaci\u00f3n Social Regional, Provincial y Comunal 2023 busca descentralizar los medios de comunicaci\u00f3n, permiti\u00e9ndoles financiar de forma adicional proyectos relativos a la realizaci\u00f3n, edici\u00f3n y difusi\u00f3n de programas o suplementos de car\u00e1cter regional o local que refuercen el rol de la comunicaci\u00f3n en el desarrollo social y cultural del pa\u00eds.<\/p>\n<p style=\"text-align: justify;\">Como Medio de Comunicaci\u00f3n Yungayino.cl, nos sentimos felices de haber sido favorecidos con nuestro proyecto denominado \u201cEntrevista a personas que ayudan en el cuidado del medio ambiente en Yungay\u201d, cabe destacar que son 14 a\u00f1os aportando y visibilizando las diferentes actividades, costumbres y desarrollo de la comuna de Yungay a trav\u00e9s de Internet.<\/p>\n<p><img loading=\"lazy\" decoding=\"async\" class=\"alignnone wp-image-28851 size-full\" src=\"http:\/\/www.yungayino.cl\/noticias\/wp-content\/uploads\/2023\/07\/3-1-e1689282773688.jpg\" alt=\"\" width=\"700\" height=\"530\" srcset=\"https:\/\/www.yungayino.cl\/noticias\/wp-content\/uploads\/2023\/07\/3-1-e1689282773688.jpg 700w, https:\/\/www.yungayino.cl\/noticias\/wp-content\/uploads\/2023\/07\/3-1-e1689282773688-300x227.jpg 300w, https:\/\/www.yungayino.cl\/noticias\/wp-content\/uploads\/2023\/07\/3-1-e1689282773688-198x150.jpg 198w\" sizes=\"auto, (max-width: 700px) 100vw, 700px\" \/><\/p>\n<p>&nbsp;<\/p>\n<p style=\"text-align: justify;\">[su_button url=\u00bbhttps:\/\/www.facebook.com\/media\/set\/?vanity=yungayino.cl&amp;set=a.7011085875573058&#8243; target=\u00bbblank\u00bb size=\u00bb7&#8243; radius=\u00bbround\u00bb icon=\u00bbicon: facebook-square\u00bb]FOTOGRAF\u00cdAS\u00a0 &#8211; Adjudicaci\u00f3n Fondo de Fomento Medios de Comunicaci\u00f3n Social 2023[\/su_button]<\/p>\n","protected":false},"excerpt":{"rendered":"<p>Julio 2023: Esta ma\u00f1ana en Chill\u00e1n se llev\u00f3 a cabo la ceremonia de adjudicaci\u00f3n del Fondo de Fomento a Medios de Comunicaci\u00f3n Social. La Subsecretar\u00eda General de Gobierno, Nicole Cardoch, el Gobernador de \u00d1uble,&#46;&#46;&#46;<\/p>\n","protected":false},"author":2,"featured_media":28849,"comment_status":"closed","ping_status":"open","sticky":false,"template":"","format":"standard","meta":{"footnotes":""},"categories":[3,14,1,32,2567,15],"tags":[2866,2855,1115,8,6,117],"class_list":["post-28848","post","type-post","status-publish","format-standard","has-post-thumbnail","hentry","category-actualidad","category-historia","category-noticias","category-servicios","category-social","category-turismo","tag-fondo-fomentos-medios-comunicacion-social","tag-fondo-medios-de-comunicacion","tag-noticias","tag-yungay","tag-yungayino","tag-yungayinocl"],"_links":{"self":[{"href":"https:\/\/www.yungayino.cl\/noticias\/index.php?rest_route=\/wp\/v2\/posts\/28848","targetHints":{"allow":["GET"]}}],"collection":[{"href":"https:\/\/www.yungayino.cl\/noticias\/index.php?rest_route=\/wp\/v2\/posts"}],"about":[{"href":"https:\/\/www.yungayino.cl\/noticias\/index.php?rest_route=\/wp\/v2\/types\/post"}],"author":[{"embeddable":true,"href":"https:\/\/www.yungayino.cl\/noticias\/index.php?rest_route=\/wp\/v2\/users\/2"}],"replies":[{"embeddable":true,"href":"https:\/\/www.yungayino.cl\/noticias\/index.php?rest_route=%2Fwp%2Fv2%2Fcomments&post=28848"}],"version-history":[{"count":6,"href":"https:\/\/www.yungayino.cl\/noticias\/index.php?rest_route=\/wp\/v2\/posts\/28848\/revisions"}],"predecessor-version":[{"id":28857,"href":"https:\/\/www.yungayino.cl\/noticias\/index.php?rest_route=\/wp\/v2\/posts\/28848\/revisions\/28857"}],"wp:featuredmedia":[{"embeddable":true,"href":"https:\/\/www.yungayino.cl\/noticias\/index.php?rest_route=\/wp\/v2\/media\/28849"}],"wp:attachment":[{"href":"https:\/\/www.yungayino.cl\/noticias\/index.php?rest_route=%2Fwp%2Fv2%2Fmedia&parent=28848"}],"wp:term":[{"taxonomy":"category","embeddable":true,"href":"https:\/\/www.yungayino.cl\/noticias\/index.php?rest_route=%2Fwp%2Fv2%2Fcategories&post=28848"},{"taxonomy":"post_tag","embeddable":true,"href":"https:\/\/www.yungayino.cl\/noticias\/index.php?rest_route=%2Fwp%2Fv2%2Ftags&post=28848"}],"curies":[{"name":"wp","href":"https:\/\/api.w.org\/{rel}","templated":true}]}}